{"id":8186,"date":"2026-02-11T15:04:29","date_gmt":"2026-02-11T15:04:29","guid":{"rendered":"https:\/\/infrawatt.ch\/?post_type=eventspost&#038;p=8186"},"modified":"2026-06-01T12:51:54","modified_gmt":"2026-06-01T12:51:54","slug":"assemblee-generale-infrawatt-2026","status":"publish","type":"eventspost","link":"https:\/\/infrawatt.ch\/fr\/eventspost\/assemblee-generale-infrawatt-2026\/","title":{"rendered":"Assembl\u00e9e g\u00e9n\u00e9rale InfraWatt 2026"},"content":{"rendered":"","protected":false},"featured_media":0,"template":"","categories":[],"class_list":["post-8186","eventspost","type-eventspost","status-publish","hentry"],"acf":[],"_links":{"self":[{"href":"https:\/\/infrawatt.ch\/fr\/wp-json\/wp\/v2\/eventspost\/8186","targetHints":{"allow":["GET"]}}],"collection":[{"href":"https:\/\/infrawatt.ch\/fr\/wp-json\/wp\/v2\/eventspost"}],"about":[{"href":"https:\/\/infrawatt.ch\/fr\/wp-json\/wp\/v2\/types\/eventspost"}],"wp:attachment":[{"href":"https:\/\/infrawatt.ch\/fr\/wp-json\/wp\/v2\/media?parent=8186"}],"wp:term":[{"taxonomy":"category","embeddable":true,"href":"https:\/\/infrawatt.ch\/fr\/wp-json\/wp\/v2\/categories?post=8186"}],"curies":[{"name":"wp","href":"https:\/\/api.w.org\/{rel}","templated":true}]}}