{"id":8405,"date":"2026-07-20T08:44:55","date_gmt":"2026-07-20T08:44:55","guid":{"rendered":"https:\/\/infrawatt.ch\/?post_type=eventspost&#038;p=8405"},"modified":"2026-07-20T08:44:55","modified_gmt":"2026-07-20T08:44:55","slug":"assemblee-generale-infrawatt-2027","status":"publish","type":"eventspost","link":"https:\/\/infrawatt.ch\/fr\/eventspost\/assemblee-generale-infrawatt-2027\/","title":{"rendered":"Assembl\u00e9e g\u00e9n\u00e9rale InfraWatt 2027"},"content":{"rendered":"","protected":false},"featured_media":0,"template":"","categories":[],"class_list":["post-8405","eventspost","type-eventspost","status-publish","hentry"],"acf":[],"_links":{"self":[{"href":"https:\/\/infrawatt.ch\/fr\/wp-json\/wp\/v2\/eventspost\/8405","targetHints":{"allow":["GET"]}}],"collection":[{"href":"https:\/\/infrawatt.ch\/fr\/wp-json\/wp\/v2\/eventspost"}],"about":[{"href":"https:\/\/infrawatt.ch\/fr\/wp-json\/wp\/v2\/types\/eventspost"}],"wp:attachment":[{"href":"https:\/\/infrawatt.ch\/fr\/wp-json\/wp\/v2\/media?parent=8405"}],"wp:term":[{"taxonomy":"category","embeddable":true,"href":"https:\/\/infrawatt.ch\/fr\/wp-json\/wp\/v2\/categories?post=8405"}],"curies":[{"name":"wp","href":"https:\/\/api.w.org\/{rel}","templated":true}]}}