{"id":3103,"date":"2023-06-07T06:53:12","date_gmt":"2023-06-07T06:53:12","guid":{"rendered":"https:\/\/infrawatt.ch\/?p=3103"},"modified":"2023-09-28T20:09:39","modified_gmt":"2023-09-28T20:09:39","slug":"oui-a-la-loi-sur-la-protection-du-climat-les-reseaux-thermiques-apportent-une-contribu-tion-irremplacable-sur-la-voie-zero-emission-de-la-suisse","status":"publish","type":"post","link":"https:\/\/infrawatt.ch\/fr\/oui-a-la-loi-sur-la-protection-du-climat-les-reseaux-thermiques-apportent-une-contribu-tion-irremplacable-sur-la-voie-zero-emission-de-la-suisse\/","title":{"rendered":"Fiche d&rsquo;information: Les r\u00e9seaux thermiques apportent une contribu-tion irrempla\u00e7able sur la voie \u00ab\u00a0z\u00e9ro \u00e9mission\u00a0\u00bb de la Suisse."},"content":{"rendered":"<p><strong>5 juin 2023 &#8211; <\/strong>La loi sur la protection du climat pr\u00e9voit une r\u00e9duction nette \u00e0 z\u00e9ro des \u00e9missions de gaz \u00e0 effet de serre d&rsquo;ici 2050. Les r\u00e9seaux thermiques jouent un r\u00f4le cl\u00e9 \u00e0 cet \u00e9gard : dans le mix \u00e9nerg\u00e9tique vert vis\u00e9 vers le milieu du si\u00e8cle, ils doivent fournir 22 t\u00e9rawattheures (TWh), soit environ 30 pour cent des besoins en chauffage et 15 pour cent des besoins totaux en \u00e9nergie. Les r\u00e9seaux de chauffage \u00e0 distance, de chauffage de proximit\u00e9 et de refroidissement urbain \u00e9tendus et optimis\u00e9s permettent ainsi d&rsquo;\u00e9viter environ 10 pour cent des \u00e9missions actuelles de CO<sub>2<\/sub> de la Suisse. Cela correspond \u00e0 environ 4,6 millions de tonnes-\u00e9quivalents CO<sub>2<\/sub>.<\/p>\n<p><strong>Les r\u00e9seaux thermiques, levier central de la d\u00e9carbonation<\/strong><\/p>\n<p>L&rsquo;extension des r\u00e9seaux et le passage aux \u00e9nergies renouvelables repr\u00e9sentent un d\u00e9fi majeur pour les prochaines d\u00e9cennies. La production de chaleur \u00e0 distance \u00e0 partir des eaux lacustres, fluviales, souterraines et us\u00e9es pr\u00e9sente un grand potentiel. Il ne peut \u00eatre exploit\u00e9 qu&rsquo;avec des r\u00e9seaux thermiques et non avec des solutions individuelles. Il en va de m\u00eame pour la g\u00e9othermie de moyenne profondeur. La plus grande contribution, avec 8 TWh, proviendra probablement des rejets thermiques des usines de valorisation thermique des d\u00e9chets. Le captage du CO<sub>2<\/sub> permet d&rsquo;\u00e9viter non seulement les \u00e9missions dues \u00e0 l&rsquo;incin\u00e9ration des d\u00e9chets fossiles, mais aussi celles dues \u00e0 l&rsquo;incin\u00e9ration des d\u00e9chets biog\u00e8nes. Il en r\u00e9sulte des \u00e9missions \u00ab\u00a0n\u00e9gatives\u00a0\u00bb sans lesquelles l&rsquo;objectif net z\u00e9ro de la loi sur la protection du climat ne pourrait pas \u00eatre atteint.<\/p>\n<p>Les r\u00e9seaux thermiques att\u00e9nuent \u00e9galement le d\u00e9ficit d&rsquo;\u00e9lectricit\u00e9 en hiver, qui est d\u00fb en grande partie \u00e0 la g\u00e9n\u00e9ralisation des pompes \u00e0 chaleur air-eau individuelles. Comme la g\u00e9othermie ou l&rsquo;utilisation des eaux us\u00e9es, par exemple, n&rsquo;ont gu\u00e8re besoin d&rsquo;\u00e9lectricit\u00e9, les r\u00e9seaux thermiques r\u00e9duisent la d\u00e9pendance \u00e0 l&rsquo;\u00e9gard de l&rsquo;\u00e9lectricit\u00e9 import\u00e9e en hiver.<\/p>\n<p>Pour que la Suisse atteigne la neutralit\u00e9 climatique d&rsquo;ici 2050, la loi sur la protection du climat pr\u00e9voit d&rsquo;une part des investissements dans le remplacement des chauffages \u00e0 mazout, \u00e0 gaz et \u00e9lectriques par des chauffages m\u00e9nageant le climat. D&rsquo;autre part, les entreprises de l&rsquo;industrie et de l&rsquo;artisanat qui utilisent des technologies innovantes pour une production respectueuse du climat doivent \u00eatre encourag\u00e9es.<\/p>\n<p>\u00ab\u00a0<em>Les rejets thermiques sont une source d&rsquo;\u00e9nergie durable et efficace qui ne peut \u00eatre utilis\u00e9e \u00e0 plus grande \u00e9chelle qu&rsquo;avec des r\u00e9seaux thermiques. Si nous investissons dans cette infrastructure, l&rsquo;objectif de la loi sur la protection du climat &#8211; z\u00e9ro net d&rsquo;ici 2050 &#8211; est r\u00e9aliste<\/em>\u00ab\u00a0, d\u00e9clare <strong>le conseiller national Stefan M\u00fcller-Altermatt, pr\u00e9sident d&rsquo;Infrawatt <\/strong>&#8211; Association pour l&rsquo;utilisation de l&rsquo;\u00e9nergie issue des eaux us\u00e9es, des d\u00e9chets, des rejets thermiques et de l&rsquo;eau potable.<\/p>\n<p>\u00ab\u00a0<em>Le d\u00e9veloppement des r\u00e9seaux thermiques doit se faire le plus rapidement possible afin de minimiser les co\u00fbts \u00e9conomiques de la transformation n\u00e9cessaire de notre syst\u00e8me \u00e9nerg\u00e9tique<\/em>\u00ab\u00a0, d\u00e9clare le <strong>conseiller aux Etats Othmar Reichmuth, pr\u00e9sident de R\u00e9seaux Thermiques Suisses (RETS)<\/strong>.<\/p>\n<p>\u00ab\u00a0<em>D&rsquo;ici 2050, toutes les UVTD seront \u00e9quip\u00e9es d&rsquo;un syst\u00e8me de capture du carbone et fourniront de la chaleur sans \u00e9missions pour les r\u00e9seaux de thermiques. Les usines de valorisation thermique des d\u00e9chets sont un \u00e9l\u00e9ment central sur la voie du z\u00e9ro net et de v\u00e9ritables installations de protection de l&rsquo;environnement<\/em>\u00ab\u00a0, d\u00e9clare le <strong>conseiller national Bastien Girod, pr\u00e9sident de l&rsquo;Association suisse des exploitants d&rsquo;installations de traitement des d\u00e9chets (ASED)<\/strong>.<\/p>\n<p>&nbsp;<\/p>\n<p>Cela plaide en faveur de la loi sur le changement climatique le 18 juin :<\/p>\n<p><strong>La loi sur le climat est \u00e9conomiquement et techniquement r\u00e9alisable : <\/strong>la trajectoire de r\u00e9duction des \u00e9missions de CO<sub>2<\/sub> \u00e0 z\u00e9ro net d&rsquo;ici 2050 est \u00e9conomiquement et techniquement r\u00e9alisable. Avec la trajectoire de r\u00e9duction, l&rsquo;\u00e9conomie et la population b\u00e9n\u00e9ficient d&rsquo;une s\u00e9curit\u00e9 de planification tout en ayant la plus grande marge de man\u0153uvre possible pour des solutions individuelles et des innovations.<\/p>\n<p><strong>La loi sur le climat cr\u00e9e une s\u00e9curit\u00e9 \u00e9nerg\u00e9tique : <\/strong>la mise en \u0153uvre de la strat\u00e9gie \u00e9nerg\u00e9tique rend la Suisse moins d\u00e9pendante des p\u00e9nuries d&rsquo;approvisionnement et des chocs de prix. Les prix de l&rsquo;\u00e9nergie seront plus stables et la s\u00e9curit\u00e9 de l&rsquo;approvisionnement en \u00e9lectricit\u00e9 sera plus grande.<\/p>\n<p><strong>La loi sur le climat cr\u00e9e de la valeur ajout\u00e9e : <\/strong>si nous ne faisons rien, les co\u00fbts induits par l&rsquo;utilisation d&rsquo;\u00e9nergie fossile seront encore plus importants. Mais si nous misons sur les \u00e9nergies renouvelables, nous pouvons cr\u00e9er de la valeur ajout\u00e9e en Suisse. Car aujourd&rsquo;hui, huit milliards de francs par an en moyenne quittent la Suisse pour l&rsquo;\u00e9tranger pour l&rsquo;importation d&rsquo;\u00e9nergie fossile. La loi sur le climat ram\u00e8ne la cr\u00e9ation de valeur qui en d\u00e9coule en Suisse.<\/p>\n<p><strong>La loi sur le climat encourage l&rsquo;innovation : <\/strong>les entreprises peuvent b\u00e9n\u00e9ficier d&rsquo;un soutien financier au titre du programme de promotion des technologies \u00e9mergentes et de la couverture des risques pour les investissements dans les infrastructures.<\/p>\n<p>InfraWatt, R\u00e9seaux thermiques Suisse et l&rsquo;ASED ont pr\u00e9par\u00e9 ensemble une <a href=\"https:\/\/infrawatt.ch\/wp-content\/uploads\/2023\/06\/Factsheet-FW_v1-fr.pdf\">fiche d&rsquo;information<\/a> sur le r\u00f4le des r\u00e9seaux thermiques dans la d\u00e9carbonation.<\/p>\n<p><strong>Contact : <\/strong><\/p>\n<ul>\n<li>Conseiller national Stefan M\u00fcller-Altermatt, pr\u00e9sident d&rsquo;Infrawatt, <a href=\"mailto:stefan@mueller-altermatt.ch\" target=\"_blank\" rel=\"noopener\">stefan@mueller-altermatt.ch<\/a>, 076 332 15 26<\/li>\n<li>Othmar Reichmuth, conseiller aux \u00c9tats, pr\u00e9sident des R\u00e9seaux thermiques suisses (RTS), <a href=\"mailto:othmar.reichmuth@parl.ch\" target=\"_blank\" rel=\"noopener\">othmar.reichmuth@parl.ch<\/a>, 079 248 98 65<\/li>\n<li>Conseiller national Bastien Girod, pr\u00e9sident de l&rsquo;Association suisse des exploitants d\u2019installations de valorisation des d\u00e9chets (ASED), <a href=\"mailto:bastien.girod@parl.ch\" target=\"_blank\" rel=\"noopener\">bastien.girod@parl.ch<\/a>, 079 217 73 06<\/li>\n<\/ul>\n","protected":false},"excerpt":{"rendered":"<p>5 juin 2023 &#8211; La loi sur la protection du climat pr\u00e9voit une r\u00e9duction nette \u00e0 z\u00e9ro des \u00e9missions de gaz \u00e0 effet de serre d&rsquo;ici 2050. Les r\u00e9seaux thermiques jouent un r\u00f4le cl\u00e9 \u00e0 cet \u00e9gard : dans le mix \u00e9nerg\u00e9tique vert vis\u00e9 vers le milieu du si\u00e8cle, ils doivent fournir 22 t\u00e9rawattheures (TWh), [&#8230;]<\/p>\n<p><a class=\"btn btn-secondary understrap-read-more-link\" href=\"https:\/\/infrawatt.ch\/fr\/oui-a-la-loi-sur-la-protection-du-climat-les-reseaux-thermiques-apportent-une-contribu-tion-irremplacable-sur-la-voie-zero-emission-de-la-suisse\/\">Lire la suite\u2026<span class=\"screen-reader-text\"> from Fiche d&rsquo;information: Les r\u00e9seaux thermiques apportent une contribu-tion irrempla\u00e7able sur la voie \u00ab\u00a0z\u00e9ro \u00e9mission\u00a0\u00bb de la Suisse.<\/span><\/a><\/p>\n","protected":false},"author":1,"featured_media":2980,"comment_status":"closed","ping_status":"closed","sticky":false,"template":"","format":"standard","meta":{"_acf_changed":false,"footnotes":""},"categories":[61,38,67,65,62,66],"tags":[],"class_list":["post-3103","post","type-post","status-publish","format-standard","has-post-thumbnail","hentry","category-actualites-fr","category-chaleur-fr","category-chaleur-residuelle-fr","category-dechets-fr","category-eaux-potables-fr","category-eaux-usees-fr"],"acf":[],"_links":{"self":[{"href":"https:\/\/infrawatt.ch\/fr\/wp-json\/wp\/v2\/posts\/3103","targetHints":{"allow":["GET"]}}],"collection":[{"href":"https:\/\/infrawatt.ch\/fr\/wp-json\/wp\/v2\/posts"}],"about":[{"href":"https:\/\/infrawatt.ch\/fr\/wp-json\/wp\/v2\/types\/post"}],"author":[{"embeddable":true,"href":"https:\/\/infrawatt.ch\/fr\/wp-json\/wp\/v2\/users\/1"}],"replies":[{"embeddable":true,"href":"https:\/\/infrawatt.ch\/fr\/wp-json\/wp\/v2\/comments?post=3103"}],"version-history":[{"count":3,"href":"https:\/\/infrawatt.ch\/fr\/wp-json\/wp\/v2\/posts\/3103\/revisions"}],"predecessor-version":[{"id":3492,"href":"https:\/\/infrawatt.ch\/fr\/wp-json\/wp\/v2\/posts\/3103\/revisions\/3492"}],"wp:featuredmedia":[{"embeddable":true,"href":"https:\/\/infrawatt.ch\/fr\/wp-json\/wp\/v2\/media\/2980"}],"wp:attachment":[{"href":"https:\/\/infrawatt.ch\/fr\/wp-json\/wp\/v2\/media?parent=3103"}],"wp:term":[{"taxonomy":"category","embeddable":true,"href":"https:\/\/infrawatt.ch\/fr\/wp-json\/wp\/v2\/categories?post=3103"},{"taxonomy":"post_tag","embeddable":true,"href":"https:\/\/infrawatt.ch\/fr\/wp-json\/wp\/v2\/tags?post=3103"}],"curies":[{"name":"wp","href":"https:\/\/api.w.org\/{rel}","templated":true}]}}