{"id":3116,"date":"2023-05-23T07:09:23","date_gmt":"2023-05-23T07:09:23","guid":{"rendered":"https:\/\/infrawatt.ch\/?p=3116"},"modified":"2023-06-15T07:11:44","modified_gmt":"2023-06-15T07:11:44","slug":"rendre-les-metiers-de-leau-visibles","status":"publish","type":"post","link":"https:\/\/infrawatt.ch\/fr\/rendre-les-metiers-de-leau-visibles\/","title":{"rendered":"Rendre les m\u00e9tiers de l&rsquo;eau visibles"},"content":{"rendered":"<p>En \u00e9tant plus visible aupr\u00e8s des jeunes, le <a href=\"http:\/\/www.vsa.ch\" target=\"_blank\" rel=\"noopener\">VSA<\/a> souhaite encourager l&rsquo;entr\u00e9e de jeunes talents dans le secteur de l&rsquo;eau et soutenir ses membres dans la promotion de la rel\u00e8ve. Au moment de choisir une profession, les jeunes doivent prendre conscience des emplois qui ont un sens dans le domaine de l&rsquo;eau. Pour ce faire, il convient d&rsquo;\u00e9veiller leur int\u00e9r\u00eat.<\/p>\n<p>Le nouveau site Internet <a href=\"https:\/\/wasser-wissen.ch\/uebersetzung-folgt\/\" target=\"_blank\" rel=\"noopener\">wasser-berufe.ch<\/a> pr\u00e9sente les principaux \u00ab\u00a0m\u00e9tiers de l&rsquo;eau\u00a0\u00bb technico-scientifiques de la branche. Des portraits professionnels brefs et personnels donnent un aper\u00e7u de diff\u00e9rents emplois de sp\u00e9cialistes de l&rsquo;eau. Une collaboration avec une plate-forme de places d&rsquo;apprentissage \u00e9tablie permet d&rsquo;acc\u00e9der directement aux places d&rsquo;apprentissage actuelles et la bourse de l&#8217;emploi \u00ab\u00a0Gestion de l&rsquo;eau\u00a0\u00bb de <a href=\"https:\/\/www.umweltprofis.ch\/\" target=\"_blank\" rel=\"noopener\">umweltprofis.ch<\/a> est \u00e9galement int\u00e9gr\u00e9e.<\/p>\n","protected":false},"excerpt":{"rendered":"<p>En \u00e9tant plus visible aupr\u00e8s des jeunes, le VSA souhaite encourager l&rsquo;entr\u00e9e de jeunes talents dans le secteur de l&rsquo;eau et soutenir ses membres dans la promotion de la rel\u00e8ve. Au moment de choisir une profession, les jeunes doivent prendre conscience des emplois qui ont un sens dans le domaine de l&rsquo;eau. Pour ce faire, [&#8230;]<\/p>\n<p><a class=\"btn btn-secondary understrap-read-more-link\" href=\"https:\/\/infrawatt.ch\/fr\/rendre-les-metiers-de-leau-visibles\/\">Lire la suite\u2026<span class=\"screen-reader-text\"> from Rendre les m\u00e9tiers de l&rsquo;eau visibles<\/span><\/a><\/p>\n","protected":false},"author":1,"featured_media":2895,"comment_status":"closed","ping_status":"closed","sticky":false,"template":"","format":"standard","meta":{"_acf_changed":false,"footnotes":""},"categories":[61,62,66],"tags":[],"class_list":["post-3116","post","type-post","status-publish","format-standard","has-post-thumbnail","hentry","category-actualites-fr","category-eaux-potables-fr","category-eaux-usees-fr"],"acf":[],"_links":{"self":[{"href":"https:\/\/infrawatt.ch\/fr\/wp-json\/wp\/v2\/posts\/3116","targetHints":{"allow":["GET"]}}],"collection":[{"href":"https:\/\/infrawatt.ch\/fr\/wp-json\/wp\/v2\/posts"}],"about":[{"href":"https:\/\/infrawatt.ch\/fr\/wp-json\/wp\/v2\/types\/post"}],"author":[{"embeddable":true,"href":"https:\/\/infrawatt.ch\/fr\/wp-json\/wp\/v2\/users\/1"}],"replies":[{"embeddable":true,"href":"https:\/\/infrawatt.ch\/fr\/wp-json\/wp\/v2\/comments?post=3116"}],"version-history":[{"count":1,"href":"https:\/\/infrawatt.ch\/fr\/wp-json\/wp\/v2\/posts\/3116\/revisions"}],"predecessor-version":[{"id":3117,"href":"https:\/\/infrawatt.ch\/fr\/wp-json\/wp\/v2\/posts\/3116\/revisions\/3117"}],"wp:featuredmedia":[{"embeddable":true,"href":"https:\/\/infrawatt.ch\/fr\/wp-json\/wp\/v2\/media\/2895"}],"wp:attachment":[{"href":"https:\/\/infrawatt.ch\/fr\/wp-json\/wp\/v2\/media?parent=3116"}],"wp:term":[{"taxonomy":"category","embeddable":true,"href":"https:\/\/infrawatt.ch\/fr\/wp-json\/wp\/v2\/categories?post=3116"},{"taxonomy":"post_tag","embeddable":true,"href":"https:\/\/infrawatt.ch\/fr\/wp-json\/wp\/v2\/tags?post=3116"}],"curies":[{"name":"wp","href":"https:\/\/api.w.org\/{rel}","templated":true}]}}