{"id":3130,"date":"2023-05-02T09:21:32","date_gmt":"2023-05-02T09:21:32","guid":{"rendered":"https:\/\/infrawatt.ch\/?p=3130"},"modified":"2023-06-28T07:45:50","modified_gmt":"2023-06-28T07:45:50","slug":"loi-climat-oui-le-18-juin-2023","status":"publish","type":"post","link":"https:\/\/infrawatt.ch\/fr\/loi-climat-oui-le-18-juin-2023\/","title":{"rendered":"Loi climat: OUI le 18. juin 2023"},"content":{"rendered":"<p>La loi sur le climat inscrit l&rsquo;objectif z\u00e9ro \u00e9mission nette au niveau de la loi. Le mandat est clair : d&rsquo;ici 2050, les \u00e9missions de gaz \u00e0 effet de serre doivent \u00eatre r\u00e9duites autant que possible et les \u00e9missions restantes doivent \u00eatre retir\u00e9es de l&rsquo;atmosph\u00e8re sous forme d&rsquo;\u00e9missions dites n\u00e9gatives.<\/p>\n<p>Pour atteindre l&rsquo;objectif z\u00e9ro net, la Conf\u00e9d\u00e9ration encourage le remplacement des installations de chauffage \u00e9lectriques, fossiles et inefficaces, ainsi que les mesures d&rsquo;efficacit\u00e9 dans les b\u00e2timents \u00e0 hauteur de 200 millions de francs par an pendant dix ans. La Conf\u00e9d\u00e9ration soutient les entreprises dans leur important engagement \u00e0 r\u00e9duire leurs \u00e9missions avec une enveloppe de 200 millions de francs sur six ans. Le projet de loi pr\u00e9voit en outre d&rsquo;orienter les flux financiers de mani\u00e8re compatible avec le climat et de renforcer les mesures d&rsquo;adaptation au changement climatique.<\/p>\n<p>InfraWatt soutient la campagne \u00ab\u00a0<a href=\"https:\/\/loiclimat-maintenant.ch\/\" target=\"_blank\" rel=\"noopener\">L&rsquo;\u00e9conomie suisse pour la loi sur le climat<\/a>\u00a0\u00bb et milite pour un OUI le 18 juin.<\/p>\n","protected":false},"excerpt":{"rendered":"<p>La loi sur le climat inscrit l&rsquo;objectif z\u00e9ro \u00e9mission nette au niveau de la loi. Le mandat est clair : d&rsquo;ici 2050, les \u00e9missions de gaz \u00e0 effet de serre doivent \u00eatre r\u00e9duites autant que possible et les \u00e9missions restantes doivent \u00eatre retir\u00e9es de l&rsquo;atmosph\u00e8re sous forme d&rsquo;\u00e9missions dites n\u00e9gatives. Pour atteindre l&rsquo;objectif z\u00e9ro net, [&#8230;]<\/p>\n<p><a class=\"btn btn-secondary understrap-read-more-link\" href=\"https:\/\/infrawatt.ch\/fr\/loi-climat-oui-le-18-juin-2023\/\">Lire la suite\u2026<span class=\"screen-reader-text\"> from Loi climat: OUI le 18. juin 2023<\/span><\/a><\/p>\n","protected":false},"author":1,"featured_media":2751,"comment_status":"closed","ping_status":"closed","sticky":false,"template":"","format":"standard","meta":{"_acf_changed":false,"footnotes":""},"categories":[61,67,65,62,66],"tags":[],"class_list":["post-3130","post","type-post","status-publish","format-standard","has-post-thumbnail","hentry","category-actualites-fr","category-chaleur-residuelle-fr","category-dechets-fr","category-eaux-potables-fr","category-eaux-usees-fr"],"acf":[],"_links":{"self":[{"href":"https:\/\/infrawatt.ch\/fr\/wp-json\/wp\/v2\/posts\/3130","targetHints":{"allow":["GET"]}}],"collection":[{"href":"https:\/\/infrawatt.ch\/fr\/wp-json\/wp\/v2\/posts"}],"about":[{"href":"https:\/\/infrawatt.ch\/fr\/wp-json\/wp\/v2\/types\/post"}],"author":[{"embeddable":true,"href":"https:\/\/infrawatt.ch\/fr\/wp-json\/wp\/v2\/users\/1"}],"replies":[{"embeddable":true,"href":"https:\/\/infrawatt.ch\/fr\/wp-json\/wp\/v2\/comments?post=3130"}],"version-history":[{"count":1,"href":"https:\/\/infrawatt.ch\/fr\/wp-json\/wp\/v2\/posts\/3130\/revisions"}],"predecessor-version":[{"id":3131,"href":"https:\/\/infrawatt.ch\/fr\/wp-json\/wp\/v2\/posts\/3130\/revisions\/3131"}],"wp:featuredmedia":[{"embeddable":true,"href":"https:\/\/infrawatt.ch\/fr\/wp-json\/wp\/v2\/media\/2751"}],"wp:attachment":[{"href":"https:\/\/infrawatt.ch\/fr\/wp-json\/wp\/v2\/media?parent=3130"}],"wp:term":[{"taxonomy":"category","embeddable":true,"href":"https:\/\/infrawatt.ch\/fr\/wp-json\/wp\/v2\/categories?post=3130"},{"taxonomy":"post_tag","embeddable":true,"href":"https:\/\/infrawatt.ch\/fr\/wp-json\/wp\/v2\/tags?post=3130"}],"curies":[{"name":"wp","href":"https:\/\/api.w.org\/{rel}","templated":true}]}}