{"id":3188,"date":"2023-03-15T09:12:56","date_gmt":"2023-03-15T09:12:56","guid":{"rendered":"https:\/\/infrawatt.ch\/?p=3188"},"modified":"2023-06-28T07:53:48","modified_gmt":"2023-06-28T07:53:48","slug":"energie-lacte-modificateur-unique-sous-pression-apres-le-premier-tour-du-parlement","status":"publish","type":"post","link":"https:\/\/infrawatt.ch\/fr\/energie-lacte-modificateur-unique-sous-pression-apres-le-premier-tour-du-parlement\/","title":{"rendered":"\u00c9nergie: l&rsquo;acte modificateur unique sous pression apr\u00e8s le premier tour du Parlement"},"content":{"rendered":"<p>Le Parlement veut acc\u00e9l\u00e9rer le d\u00e9veloppement des sources d&rsquo;\u00e9nergie indig\u00e8nes. <a href=\"https:\/\/www.parlament.ch\/de\/services\/news\/Seiten\/2023\/20230315133958622194158159038_bsd103.aspx\" target=\"_blank\" rel=\"noopener\">Apr\u00e8s la premi\u00e8re s\u00e9rie de d\u00e9lib\u00e9rations<\/a> sur ce qu&rsquo;on appelle l&rsquo;acte modificateur unique, des questions importantes restent en suspens. La recherche d&rsquo;un compromis susceptible de r\u00e9unir une majorit\u00e9 entre les int\u00e9r\u00eats d&rsquo;exploitation et de protection se poursuit.<\/p>\n<p>La Commission de l&rsquo;environnement, de l&rsquo;am\u00e9nagement du territoire et de l&rsquo;\u00e9nergie du Conseil national avait pr\u00e9alablement \u00e9labor\u00e9 un compromis entre l&rsquo;\u00e9conomie et les d\u00e9fenseurs de l&rsquo;environnement. La Chambre des cantons a suivi en grande partie leurs propositions. Les propositions d&rsquo;une minorit\u00e9 de la commission ou les propositions individuelles ne se sont que rarement impos\u00e9es en s\u00e9ance pl\u00e9ni\u00e8re. Ces exceptions ont toutefois entra\u00een\u00e9 des r\u00e9actions critiques de divers horizons politiques.<\/p>\n<p>Le Conseil national a \u00e9galement pris des d\u00e9cisions en faveur de la protection de l&rsquo;environnement. Ainsi, les installations utilisant des \u00e9nergies renouvelables continueront d&rsquo;\u00eatre exclues dans les biotopes d&rsquo;importance nationale et les r\u00e9serves d&rsquo;oiseaux d&rsquo;eau et de migrateurs. La Chambre haute a ainsi corrig\u00e9 une d\u00e9cision du Conseil des \u00c9tats.<\/p>\n<p>Comme le Conseil des \u00c9tats, le Conseil national met l&rsquo;accent sur la mise en \u0153uvre des 15 projets hydro\u00e9lectriques prioritaires d\u00e9finis par la table ronde. L&rsquo;objectif est d&rsquo;augmenter la s\u00e9curit\u00e9 d&rsquo;approvisionnement en hiver. Afin que les projets puissent \u00eatre mis en \u0153uvre le plus rapidement possible, les proc\u00e9dures doivent \u00eatre acc\u00e9l\u00e9r\u00e9es. Une obligation de planification ne doit s&rsquo;appliquer qu&rsquo;aux projets sur un nouveau site, et m\u00eame dans ce cas, cette obligation se limite au plan directeur. L&rsquo;int\u00e9r\u00eat d&rsquo;une r\u00e9alisation passe en principe avant d&rsquo;autres int\u00e9r\u00eats d&rsquo;importance nationale. Les organisations environnementales sont \u00e9galement d&rsquo;accord parce qu&rsquo;une pes\u00e9e des int\u00e9r\u00eats reste possible. Des mesures de compensation suppl\u00e9mentaires doivent \u00e9galement \u00eatre pr\u00e9vues pour prot\u00e9ger le paysage et la biodiversit\u00e9.<\/p>\n<p>Le projet retourne maintenant au Conseil des Etats pour l&rsquo;\u00e9limination des nombreuses divergences.<\/p>\n","protected":false},"excerpt":{"rendered":"<p>Le Parlement veut acc\u00e9l\u00e9rer le d\u00e9veloppement des sources d&rsquo;\u00e9nergie indig\u00e8nes. Apr\u00e8s la premi\u00e8re s\u00e9rie de d\u00e9lib\u00e9rations sur ce qu&rsquo;on appelle l&rsquo;acte modificateur unique, des questions importantes restent en suspens. La recherche d&rsquo;un compromis susceptible de r\u00e9unir une majorit\u00e9 entre les int\u00e9r\u00eats d&rsquo;exploitation et de protection se poursuit. La Commission de l&rsquo;environnement, de l&rsquo;am\u00e9nagement du territoire [&#8230;]<\/p>\n<p><a class=\"btn btn-secondary understrap-read-more-link\" href=\"https:\/\/infrawatt.ch\/fr\/energie-lacte-modificateur-unique-sous-pression-apres-le-premier-tour-du-parlement\/\">Lire la suite\u2026<span class=\"screen-reader-text\"> from \u00c9nergie: l&rsquo;acte modificateur unique sous pression apr\u00e8s le premier tour du Parlement<\/span><\/a><\/p>\n","protected":false},"author":1,"featured_media":2728,"comment_status":"closed","ping_status":"closed","sticky":false,"template":"","format":"standard","meta":{"_acf_changed":false,"footnotes":""},"categories":[61,67,65,62,66],"tags":[],"class_list":["post-3188","post","type-post","status-publish","format-standard","has-post-thumbnail","hentry","category-actualites-fr","category-chaleur-residuelle-fr","category-dechets-fr","category-eaux-potables-fr","category-eaux-usees-fr"],"acf":[],"_links":{"self":[{"href":"https:\/\/infrawatt.ch\/fr\/wp-json\/wp\/v2\/posts\/3188","targetHints":{"allow":["GET"]}}],"collection":[{"href":"https:\/\/infrawatt.ch\/fr\/wp-json\/wp\/v2\/posts"}],"about":[{"href":"https:\/\/infrawatt.ch\/fr\/wp-json\/wp\/v2\/types\/post"}],"author":[{"embeddable":true,"href":"https:\/\/infrawatt.ch\/fr\/wp-json\/wp\/v2\/users\/1"}],"replies":[{"embeddable":true,"href":"https:\/\/infrawatt.ch\/fr\/wp-json\/wp\/v2\/comments?post=3188"}],"version-history":[{"count":1,"href":"https:\/\/infrawatt.ch\/fr\/wp-json\/wp\/v2\/posts\/3188\/revisions"}],"predecessor-version":[{"id":3189,"href":"https:\/\/infrawatt.ch\/fr\/wp-json\/wp\/v2\/posts\/3188\/revisions\/3189"}],"wp:featuredmedia":[{"embeddable":true,"href":"https:\/\/infrawatt.ch\/fr\/wp-json\/wp\/v2\/media\/2728"}],"wp:attachment":[{"href":"https:\/\/infrawatt.ch\/fr\/wp-json\/wp\/v2\/media?parent=3188"}],"wp:term":[{"taxonomy":"category","embeddable":true,"href":"https:\/\/infrawatt.ch\/fr\/wp-json\/wp\/v2\/categories?post=3188"},{"taxonomy":"post_tag","embeddable":true,"href":"https:\/\/infrawatt.ch\/fr\/wp-json\/wp\/v2\/tags?post=3188"}],"curies":[{"name":"wp","href":"https:\/\/api.w.org\/{rel}","templated":true}]}}