{"id":3195,"date":"2023-03-03T09:30:01","date_gmt":"2023-03-03T09:30:01","guid":{"rendered":"https:\/\/infrawatt.ch\/?p=3195"},"modified":"2023-06-28T07:52:40","modified_gmt":"2023-06-28T07:52:40","slug":"le-conseil-federal-adopte-un-rapport-sur-la-promotion-de-leconomie-circulaire","status":"publish","type":"post","link":"https:\/\/infrawatt.ch\/fr\/le-conseil-federal-adopte-un-rapport-sur-la-promotion-de-leconomie-circulaire\/","title":{"rendered":"Le Conseil f\u00e9d\u00e9ral adopte un rapport sur la promotion de l&rsquo;\u00e9conomie circulaire"},"content":{"rendered":"<p>En tant que pays pauvre en mati\u00e8res premi\u00e8res, la Suisse poursuit depuis des d\u00e9cennies d\u00e9j\u00e0 l&rsquo;objectif d&rsquo;une \u00e9conomie circulaire. Elle a ainsi r\u00e9ussi dans de nombreux domaines : chaque ann\u00e9e, par exemple, environ 12 millions de tonnes de mat\u00e9riaux de d\u00e9construction comme le b\u00e9ton, le gravier, le sable et l&rsquo;asphalte sont recycl\u00e9s ; 3,2 millions de tonnes de d\u00e9chets urbains collect\u00e9s s\u00e9par\u00e9ment comme le papier, le verre, l&rsquo;aluminium et le PET sont recycl\u00e9s. Pourtant, les ressources sont encore trop peu pr\u00e9serv\u00e9es. Le 3 mars 2023, le Conseil f\u00e9d\u00e9ral a adopt\u00e9 un rapport qui analyse la situation en Suisse et propose des pistes d&rsquo;action.<\/p>\n<p>Selon ce rapport, le d\u00e9fi consiste non seulement \u00e0 optimiser les processus et les technologies d&rsquo;\u00e9limination, mais aussi \u00e0 organiser la production des biens de mani\u00e8re \u00e0 m\u00e9nager autant que possible les ressources naturelles. Id\u00e9alement, les produits devraient \u00eatre fabriqu\u00e9s de mani\u00e8re \u00e0 utiliser moins de mat\u00e9riaux, \u00e0 avoir une dur\u00e9e de vie plus longue, par exemple gr\u00e2ce au recyclage et \u00e0 la r\u00e9paration, et \u00e0 \u00eatre plus facilement recyclables. En fin de vie du produit, les d\u00e9chets sont remplac\u00e9s par de nouvelles mati\u00e8res premi\u00e8res. Il convient de tenir compte de la viabilit\u00e9 \u00e9conomique et de la proportionnalit\u00e9.<\/p>\n<p><a href=\"https:\/\/www.admin.ch\/gov\/fr\/accueil\/documentation\/communiques\/communiques-conseil-federal.msg-id-93354.html\" target=\"_blank\" rel=\"noopener\">Au rapport<\/a><\/p>\n","protected":false},"excerpt":{"rendered":"<p>En tant que pays pauvre en mati\u00e8res premi\u00e8res, la Suisse poursuit depuis des d\u00e9cennies d\u00e9j\u00e0 l&rsquo;objectif d&rsquo;une \u00e9conomie circulaire. Elle a ainsi r\u00e9ussi dans de nombreux domaines : chaque ann\u00e9e, par exemple, environ 12 millions de tonnes de mat\u00e9riaux de d\u00e9construction comme le b\u00e9ton, le gravier, le sable et l&rsquo;asphalte sont recycl\u00e9s ; 3,2 millions [&#8230;]<\/p>\n<p><a class=\"btn btn-secondary understrap-read-more-link\" href=\"https:\/\/infrawatt.ch\/fr\/le-conseil-federal-adopte-un-rapport-sur-la-promotion-de-leconomie-circulaire\/\">Lire la suite\u2026<span class=\"screen-reader-text\"> from Le Conseil f\u00e9d\u00e9ral adopte un rapport sur la promotion de l&rsquo;\u00e9conomie circulaire<\/span><\/a><\/p>\n","protected":false},"author":1,"featured_media":767,"comment_status":"closed","ping_status":"closed","sticky":false,"template":"","format":"standard","meta":{"_acf_changed":false,"footnotes":""},"categories":[61,65],"tags":[],"class_list":["post-3195","post","type-post","status-publish","format-standard","has-post-thumbnail","hentry","category-actualites-fr","category-dechets-fr"],"acf":[],"_links":{"self":[{"href":"https:\/\/infrawatt.ch\/fr\/wp-json\/wp\/v2\/posts\/3195","targetHints":{"allow":["GET"]}}],"collection":[{"href":"https:\/\/infrawatt.ch\/fr\/wp-json\/wp\/v2\/posts"}],"about":[{"href":"https:\/\/infrawatt.ch\/fr\/wp-json\/wp\/v2\/types\/post"}],"author":[{"embeddable":true,"href":"https:\/\/infrawatt.ch\/fr\/wp-json\/wp\/v2\/users\/1"}],"replies":[{"embeddable":true,"href":"https:\/\/infrawatt.ch\/fr\/wp-json\/wp\/v2\/comments?post=3195"}],"version-history":[{"count":1,"href":"https:\/\/infrawatt.ch\/fr\/wp-json\/wp\/v2\/posts\/3195\/revisions"}],"predecessor-version":[{"id":3196,"href":"https:\/\/infrawatt.ch\/fr\/wp-json\/wp\/v2\/posts\/3195\/revisions\/3196"}],"wp:featuredmedia":[{"embeddable":true,"href":"https:\/\/infrawatt.ch\/fr\/wp-json\/wp\/v2\/media\/767"}],"wp:attachment":[{"href":"https:\/\/infrawatt.ch\/fr\/wp-json\/wp\/v2\/media?parent=3195"}],"wp:term":[{"taxonomy":"category","embeddable":true,"href":"https:\/\/infrawatt.ch\/fr\/wp-json\/wp\/v2\/categories?post=3195"},{"taxonomy":"post_tag","embeddable":true,"href":"https:\/\/infrawatt.ch\/fr\/wp-json\/wp\/v2\/tags?post=3195"}],"curies":[{"name":"wp","href":"https:\/\/api.w.org\/{rel}","templated":true}]}}