{"id":3263,"date":"2023-06-15T08:44:23","date_gmt":"2023-06-15T08:44:23","guid":{"rendered":"https:\/\/infrawatt.ch\/?p=3263"},"modified":"2023-09-28T20:08:19","modified_gmt":"2023-09-28T20:08:19","slug":"katrin-schneeberger-directrice-de-lofev-reconnait-les-efforts-climatiques-des-installations-dinfrastructure","status":"publish","type":"post","link":"https:\/\/infrawatt.ch\/fr\/katrin-schneeberger-directrice-de-lofev-reconnait-les-efforts-climatiques-des-installations-dinfrastructure\/","title":{"rendered":"Katrin Schneeberger, directrice de l&rsquo;OFEV, reconna\u00eet les efforts climatiques des installations d&rsquo;infrastructure"},"content":{"rendered":"<p>L&rsquo;assembl\u00e9e g\u00e9n\u00e9rale d&rsquo;InfraWatt s&rsquo;est d\u00e9roul\u00e9e dans une ambiance historique, directement au bord de l&rsquo;Aar \u00e0 Berne. Katrin Schneeberger, directrice de l&rsquo;OFEV, a pr\u00e9sent\u00e9 en tant qu&rsquo;oratrice invit\u00e9e les principaux th\u00e8mes de son office f\u00e9d\u00e9ral et les interfaces avec InfraWatt. Elle a remis \u00e0 Andreas Hirt d&rsquo;Energie Service Biel\/Bienne ESB le <a href=\"https:\/\/infrawatt.ch\/fr\/news\/innovationspreis-2023-im-bereich-trinkwasser\/\" target=\"_blank\" rel=\"noopener\">prix de l&rsquo;innovation InfraWatt 2023<\/a> dans le domaine de l&rsquo;eau potable pour le projet \u00ab\u00a0Usine d&rsquo;eau du lac d&rsquo;Ipsach &#8211; R\u00e9cup\u00e9ration d&rsquo;\u00e9nergie au niveau de l&rsquo;osmose inverse\u00a0\u00bb.<\/p>\n<p>Le pr\u00e9sident d&rsquo;InfraWatt, le CN Stefan M\u00fcller-Altermatt, a pu s&rsquo;assurer la pr\u00e9sence de la directrice de l&rsquo;Office f\u00e9d\u00e9ral de l&rsquo;environnement (OFEV), Katrin Schneeberger, en tant qu&rsquo;oratrice invit\u00e9e. Dans son expos\u00e9, elle a montr\u00e9 que le d\u00e9veloppement des \u00e9nergies renouvelables et des r\u00e9seaux thermiques sont des conditions de base pour atteindre l&rsquo;objectif \u00ab\u00a0z\u00e9ro net\u00a0\u00bb du Conseil f\u00e9d\u00e9ral. InfraWatt et les entreprises affili\u00e9es peuvent ainsi apporter une contribution importante aux objectifs de la loi sur le climat et l&rsquo;innovation et sont en outre des acteurs centraux de la d\u00e9carbonisation avec les <a href=\"https:\/\/infrawatt.ch\/fr\/domaines-dexpertise\/dechets\/\" target=\"_blank\" rel=\"noopener\">UIOM<\/a>, les <a href=\"https:\/\/infrawatt.ch\/fr\/domaines-dexpertise\/eaux-usees\/\" target=\"_blank\" rel=\"noopener\">STEP<\/a> ainsi que les <a href=\"https:\/\/infrawatt.ch\/fr\/domaines-dexpertise\/chaleur-residuelle\/\" target=\"_blank\" rel=\"noopener\">r\u00e9seaux thermiques<\/a>.<\/p>\n<p><a href=\"https:\/\/infrawatt.ch\/wp-content\/uploads\/2023\/06\/En-route-vers-le-zero-net-un-tache-commune_Katrin-Schneeberger-directrice-OFEV-InfraWatt-6.6.2023.pdf\" target=\"_blank\" rel=\"noopener\">En route vers le z\u00e9ro net &#8211; un t\u00e2che commune_Katrin Schneeberger, directrice OFEV, InfraWatt, 6.6.2023<\/a><\/p>\n<p>La d\u00e9carbonisation ainsi que le captage et le stockage du CO2 (CCS\/NET) sont des th\u00e8mes de plus en plus importants. Ils offrent de nouvelles opportunit\u00e9s pour les secteurs des installations d&rsquo;infrastructure. InfraWatt est repr\u00e9sent\u00e9e par son vice-pr\u00e9sident Andres Kronenberg (Ramboll AG) au sein du groupe de travail sur le captage et le stockage du CO2 (GT CCS\/NET) de l&rsquo;OFEV et participe activement \u00e0 l&rsquo;\u00e9laboration de la gestion future du CCS\/NET. Les secteurs repr\u00e9sent\u00e9s par InfraWatt se pr\u00e9parent \u00e0 l&rsquo;utilisation du CCS\/NET, mais les conditions g\u00e9n\u00e9rales doivent encore \u00eatre clarifi\u00e9es au niveau national et cantonal. Par exemple, l&rsquo;acc\u00e8s garanti \u00e0 long terme \u00e0 des sites de stockage du CO2 dans l&rsquo;espace \u00e9conomique europ\u00e9en, une solution nationale de pipeline (comp\u00e9tence actuelle des cantons, la comp\u00e9tence f\u00e9d\u00e9rale n\u00e9cessiterait une base constitutionnelle) ou m\u00eame les bases juridiques du financement des co\u00fbts du CCS\/NET. Pour cela, il faudrait \u00e9galement des bases juridiques cantonales. InfraWatt \u00e9labore des propositions de solutions de financement, en collaboration avec les parties prenantes impliqu\u00e9es dans le cadre du GT CCS\/NET.<\/p>\n<p><a href=\"https:\/\/www.picdrop.com\/evekohler\/Pmf4YR9kxW\" target=\"_blank\" rel=\"noopener\">Cliquez ici pour acc\u00e9der \u00e0 la galerie de photos de l&rsquo;assembl\u00e9e !<\/a><\/p>\n","protected":false},"excerpt":{"rendered":"<p>L&rsquo;assembl\u00e9e g\u00e9n\u00e9rale d&rsquo;InfraWatt s&rsquo;est d\u00e9roul\u00e9e dans une ambiance historique, directement au bord de l&rsquo;Aar \u00e0 Berne. Katrin Schneeberger, directrice de l&rsquo;OFEV, a pr\u00e9sent\u00e9 en tant qu&rsquo;oratrice invit\u00e9e les principaux th\u00e8mes de son office f\u00e9d\u00e9ral et les interfaces avec InfraWatt. Elle a remis \u00e0 Andreas Hirt d&rsquo;Energie Service Biel\/Bienne ESB le prix de l&rsquo;innovation InfraWatt 2023 [&#8230;]<\/p>\n<p><a class=\"btn btn-secondary understrap-read-more-link\" href=\"https:\/\/infrawatt.ch\/fr\/katrin-schneeberger-directrice-de-lofev-reconnait-les-efforts-climatiques-des-installations-dinfrastructure\/\">Lire la suite\u2026<span class=\"screen-reader-text\"> from Katrin Schneeberger, directrice de l&rsquo;OFEV, reconna\u00eet les efforts climatiques des installations d&rsquo;infrastructure<\/span><\/a><\/p>\n","protected":false},"author":1,"featured_media":3137,"comment_status":"closed","ping_status":"closed","sticky":false,"template":"","format":"standard","meta":{"_acf_changed":false,"footnotes":""},"categories":[61,67,65,62,66],"tags":[],"class_list":["post-3263","post","type-post","status-publish","format-standard","has-post-thumbnail","hentry","category-actualites-fr","category-chaleur-residuelle-fr","category-dechets-fr","category-eaux-potables-fr","category-eaux-usees-fr"],"acf":[],"_links":{"self":[{"href":"https:\/\/infrawatt.ch\/fr\/wp-json\/wp\/v2\/posts\/3263","targetHints":{"allow":["GET"]}}],"collection":[{"href":"https:\/\/infrawatt.ch\/fr\/wp-json\/wp\/v2\/posts"}],"about":[{"href":"https:\/\/infrawatt.ch\/fr\/wp-json\/wp\/v2\/types\/post"}],"author":[{"embeddable":true,"href":"https:\/\/infrawatt.ch\/fr\/wp-json\/wp\/v2\/users\/1"}],"replies":[{"embeddable":true,"href":"https:\/\/infrawatt.ch\/fr\/wp-json\/wp\/v2\/comments?post=3263"}],"version-history":[{"count":1,"href":"https:\/\/infrawatt.ch\/fr\/wp-json\/wp\/v2\/posts\/3263\/revisions"}],"predecessor-version":[{"id":3264,"href":"https:\/\/infrawatt.ch\/fr\/wp-json\/wp\/v2\/posts\/3263\/revisions\/3264"}],"wp:featuredmedia":[{"embeddable":true,"href":"https:\/\/infrawatt.ch\/fr\/wp-json\/wp\/v2\/media\/3137"}],"wp:attachment":[{"href":"https:\/\/infrawatt.ch\/fr\/wp-json\/wp\/v2\/media?parent=3263"}],"wp:term":[{"taxonomy":"category","embeddable":true,"href":"https:\/\/infrawatt.ch\/fr\/wp-json\/wp\/v2\/categories?post=3263"},{"taxonomy":"post_tag","embeddable":true,"href":"https:\/\/infrawatt.ch\/fr\/wp-json\/wp\/v2\/tags?post=3263"}],"curies":[{"name":"wp","href":"https:\/\/api.w.org\/{rel}","templated":true}]}}