{"id":3287,"date":"2022-06-07T08:17:18","date_gmt":"2022-06-07T08:17:18","guid":{"rendered":"https:\/\/infrawatt.ch\/?p=3287"},"modified":"2023-06-16T08:05:25","modified_gmt":"2023-06-16T08:05:25","slug":"le-service-des-batiments-du-canton-de-soleure-remporte-le-prix-de-linnovation-2022-dans-le-domaine-des-reseaux-thermiques","status":"publish","type":"post","link":"https:\/\/infrawatt.ch\/fr\/le-service-des-batiments-du-canton-de-soleure-remporte-le-prix-de-linnovation-2022-dans-le-domaine-des-reseaux-thermiques\/","title":{"rendered":"Le service des b\u00e2timents du canton de Soleure remporte le prix de l&rsquo;innovation 2022 dans le domaine des \u00ab\u00a0r\u00e9seaux thermiques\u00a0\u00bb"},"content":{"rendered":"<p>Afin de diffuser plus largement la mise en oeuvre de syst\u00e8mes \u00e9nerg\u00e9tiques exemplaires, InfraWatt d\u00e9cerne chaque ann\u00e9e un prix de l&rsquo;innovation. Dans le domaine des r\u00e9seaux thermiques, le prix a cette fois-ci \u00e9t\u00e9 d\u00e9cern\u00e9 \u00e0 l&rsquo;Office des b\u00e2timents du canton de Soleure. Leur projet innovant <span style=\"color: #800000;\"><strong><a style=\"color: #800000;\" href=\"https:\/\/so.ch\/verwaltung\/bau-und-justizdepartement\/hochbauamt\/laufende-projekte\/\" target=\"_blank\" rel=\"noopener\">\u00ab\u00a0Areal B\u00fcrgerspital Solothurn\u00a0\u00bb<\/a><\/strong><\/span> montre comment des sites existants peuvent \u00eatre aliment\u00e9s \u00e0 100% par diff\u00e9rentes \u00e9nergies renouvelables de mani\u00e8re \u00e9conomique:<\/p>\n<p>Avec la construction du nouveau b\u00e2timent sur le site du B\u00fcrgerspital de Soleure, de nouvelles solutions d&rsquo;approvisionnement ont \u00e9t\u00e9 recherch\u00e9es et trouv\u00e9es. L&rsquo;approvisionnement en chaleur et en froid de l&rsquo;h\u00f4pital de Soleure alimente les anciens b\u00e2timents prot\u00e9g\u00e9s et les nouveaux b\u00e2timents efficaces avec la chaleur r\u00e9siduelle de l&rsquo;entreprise provenant de la st\u00e9rilisation, des appareils de radiologie ou du centre de calcul, ainsi qu&rsquo;avec l&rsquo;\u00e9nergie de l&rsquo;eau de la rivi\u00e8re \u00e0 des fins de refroidissement. Le r\u00e9seau \u00e9nerg\u00e9tique entre le captage des eaux fluviales et le site de l&rsquo;h\u00f4pital offre en outre la possibilit\u00e9 de raccorder d&rsquo;autres zones et de les alimenter ainsi en chaleur r\u00e9siduelle ou en \u00e9nergie renouvelable issue des eaux fluviales. Le raccordement inchang\u00e9 au r\u00e9seau de chauffage urbain \u00e0 partir de l&rsquo;usine de traitement des d\u00e9chets, et donc l&rsquo;utilisation d&rsquo;une deuxi\u00e8me source externe de chaleur r\u00e9siduelle, permet de couvrir les besoins en chaleur de pointe. Au total, on obtient ainsi un approvisionnement en \u00e9nergie 100% renouvelable pour la chaleur et le froid dans les domaines les plus divers :<\/p>\n<p>&nbsp;<\/p>\n<table style=\"border-collapse: collapse; width: 50.816%; height: 119px;\">\n<tbody>\n<tr style=\"height: 27px;\">\n<td style=\"width: 23.78%; height: 27px;\"><strong>M\u00e9lange de chaleur:<\/strong><\/td>\n<td style=\"width: 27.036%; height: 27px;\"><strong>M\u00e9lange de froid:<\/strong><\/td>\n<\/tr>\n<tr style=\"height: 27px;\">\n<td style=\"width: 23.78%; height: 11px;\"><\/td>\n<td style=\"width: 27.036%; height: 11px;\"><\/td>\n<\/tr>\n<tr style=\"height: 27px;\">\n<td style=\"width: 23.78%; height: 27px;\">60% de chaleur r\u00e9siduelle propre<\/td>\n<td style=\"width: 27.036%; height: 27px;\">46% d&rsquo;eau de rivi\u00e8re<\/td>\n<\/tr>\n<tr style=\"height: 27px;\">\n<td style=\"width: 23.78%; height: 27px;\">25% chaleur de l&rsquo;eau du fleuve<\/td>\n<td style=\"width: 27.036%; height: 27px;\">34% r\u00e9cup\u00e9ration du froid de l&rsquo;entreprise<\/td>\n<\/tr>\n<tr style=\"height: 27px;\">\n<td style=\"width: 23.78%; height: 27px;\">15% chaleur r\u00e9siduelle de l&rsquo;UIOM<\/td>\n<td style=\"width: 27.036%; height: 27px;\">20% refroidissement de l&rsquo;eau du fleuve<\/td>\n<\/tr>\n<\/tbody>\n<\/table>\n<p>&nbsp;<\/p>\n<p>Le potentiel d&rsquo;utilisation de la chaleur r\u00e9siduelle provenant de diff\u00e9rentes sources, encore trop peu exploit\u00e9 aujourd&rsquo;hui, offre de nombreuses possibilit\u00e9s pour couvrir aussi bien les besoins \u00e0 haute qu&rsquo;\u00e0 basse temp\u00e9rature. L&rsquo;AWN permet, gr\u00e2ce \u00e0 l&rsquo;int\u00e9gration de froid renouvelable provenant de l&rsquo;environnement, une utilisation flexible maximale et ce, \u00e9galement \u00e0 l&rsquo;avenir, en cas d&rsquo;\u00e9volution des besoins.<\/p>\n<p>Le jury a \u00e9t\u00e9 convaincu par le projet, r\u00e9alis\u00e9 par le service des b\u00e2timents du canton de Soleure en collaboration avec l&rsquo;entreprise <span style=\"color: #800000;\"><strong><a style=\"color: #800000;\" href=\"https:\/\/www.eicher-pauli.ch\/referenzen\/buergerspital-solothurn\/\" target=\"_blank\" rel=\"noopener\">Eicher + Pauli<\/a><\/strong><\/span>, car il constitue un excellent exemple innovant pour de nombreux sites existants qui devront \u00eatre r\u00e9affect\u00e9s, r\u00e9nov\u00e9s et r\u00e9aliment\u00e9s dans les ann\u00e9es \u00e0 venir en Suisse. La consommation de chaleur ne dispara\u00eetra pas compl\u00e8tement, mais les besoins en froid augmenteront fortement. Le projet montre en outre, dans des circonstances \u00e9conomiques, comment des solutions propres et durables peuvent \u00eatre con\u00e7ues.<\/p>\n<p>Le nouveau b\u00e2timent du B\u00fcrgerspital est par ailleurs le premier <strong><a href=\"https:\/\/www.minergie.ch\/fr\/batiments\/exemples-pratiques\/be-094-p-eco\/\" target=\"_blank\" rel=\"noopener\"><span style=\"color: #800000;\">h\u00f4pital Minergie-Eco<\/span><\/a><\/strong> de Suisse.<\/p>\n<p>&nbsp;<\/p>\n<p><span style=\"color: #800000;\"><strong><a style=\"color: #800000;\" href=\"https:\/\/infrawatt.ch\/wp-content\/uploads\/2022\/06\/22-06-06-PM-Innovationspreis-2022_FR.pdf\">22<\/a><a style=\"color: #800000;\" href=\"https:\/\/infrawatt.ch\/wp-content\/uploads\/2022\/06\/22-06-06-PM-Innovationspreis-2022_FR.pdf\">-06-06-PM Innovationspreis 2022_FR<\/a><\/strong><\/span><\/p>\n<p>&nbsp;<\/p>\n<figure id=\"attachment_2059\" aria-describedby=\"caption-attachment-2059\" style=\"width: 409px\" class=\"wp-caption alignleft\"><img loading=\"lazy\" decoding=\"async\" class=\"wp-image-2059 \" src=\"https:\/\/infrawatt.ch\/wp-content\/uploads\/2023\/02\/Alexander-Gempeler-Neubau-Haus-1-300x164.jpg\" alt=\"\" width=\"409\" height=\"224\" srcset=\"https:\/\/infrawatt.ch\/wp-content\/uploads\/2023\/02\/Alexander-Gempeler-Neubau-Haus-1-300x164.jpg 300w, https:\/\/infrawatt.ch\/wp-content\/uploads\/2023\/02\/Alexander-Gempeler-Neubau-Haus-1-1024x560.jpg 1024w, https:\/\/infrawatt.ch\/wp-content\/uploads\/2023\/02\/Alexander-Gempeler-Neubau-Haus-1-768x420.jpg 768w, https:\/\/infrawatt.ch\/wp-content\/uploads\/2023\/02\/Alexander-Gempeler-Neubau-Haus-1-1536x841.jpg 1536w, https:\/\/infrawatt.ch\/wp-content\/uploads\/2023\/02\/Alexander-Gempeler-Neubau-Haus-1-2048x1121.jpg 2048w\" sizes=\"auto, (max-width: 409px) 100vw, 409px\" \/><figcaption id=\"caption-attachment-2059\" class=\"wp-caption-text\">Nouveau b\u00e2timent maison 1 (image Alexander Gempeler)<\/figcaption><\/figure>\n<figure id=\"attachment_2061\" aria-describedby=\"caption-attachment-2061\" style=\"width: 334px\" class=\"wp-caption alignleft\"><img loading=\"lazy\" decoding=\"async\" class=\"wp-image-2061 \" src=\"https:\/\/infrawatt.ch\/wp-content\/uploads\/2023\/02\/Ralph-Feiner-Patzientenzimmer-300x200.jpg\" alt=\"\" width=\"334\" height=\"223\" srcset=\"https:\/\/infrawatt.ch\/wp-content\/uploads\/2023\/02\/Ralph-Feiner-Patzientenzimmer-300x200.jpg 300w, https:\/\/infrawatt.ch\/wp-content\/uploads\/2023\/02\/Ralph-Feiner-Patzientenzimmer-1024x683.jpg 1024w, https:\/\/infrawatt.ch\/wp-content\/uploads\/2023\/02\/Ralph-Feiner-Patzientenzimmer-768x512.jpg 768w, https:\/\/infrawatt.ch\/wp-content\/uploads\/2023\/02\/Ralph-Feiner-Patzientenzimmer-1536x1024.jpg 1536w, https:\/\/infrawatt.ch\/wp-content\/uploads\/2023\/02\/Ralph-Feiner-Patzientenzimmer-2048x1365.jpg 2048w\" sizes=\"auto, (max-width: 334px) 100vw, 334px\" \/><figcaption id=\"caption-attachment-2061\" class=\"wp-caption-text\">Chambres des patients (image Ralph Feiner)<\/figcaption><\/figure>\n<figure id=\"attachment_2062\" aria-describedby=\"caption-attachment-2062\" style=\"width: 334px\" class=\"wp-caption alignleft\"><img loading=\"lazy\" decoding=\"async\" class=\"wp-image-2062 \" src=\"https:\/\/infrawatt.ch\/wp-content\/uploads\/2023\/02\/Ralph-Feiner-Korridor_Sued-300x200.jpg\" alt=\"\" width=\"334\" height=\"222\" srcset=\"https:\/\/infrawatt.ch\/wp-content\/uploads\/2023\/02\/Ralph-Feiner-Korridor_Sued-300x200.jpg 300w, https:\/\/infrawatt.ch\/wp-content\/uploads\/2023\/02\/Ralph-Feiner-Korridor_Sued-1024x683.jpg 1024w, https:\/\/infrawatt.ch\/wp-content\/uploads\/2023\/02\/Ralph-Feiner-Korridor_Sued-768x512.jpg 768w, https:\/\/infrawatt.ch\/wp-content\/uploads\/2023\/02\/Ralph-Feiner-Korridor_Sued-1536x1024.jpg 1536w, https:\/\/infrawatt.ch\/wp-content\/uploads\/2023\/02\/Ralph-Feiner-Korridor_Sued-2048x1365.jpg 2048w\" sizes=\"auto, (max-width: 334px) 100vw, 334px\" \/><figcaption id=\"caption-attachment-2062\" class=\"wp-caption-text\">Corridor sud (image Ralph Feiner)<\/figcaption><\/figure>\n<p>&nbsp;<\/p>\n<p>&nbsp;<\/p>\n<p>&nbsp;<\/p>\n<p>&nbsp;<\/p>\n<p>&nbsp;<\/p>\n<p>&nbsp;<\/p>\n<p>&nbsp;<\/p>\n","protected":false},"excerpt":{"rendered":"<p>Afin de diffuser plus largement la mise en oeuvre de syst\u00e8mes \u00e9nerg\u00e9tiques exemplaires, InfraWatt d\u00e9cerne chaque ann\u00e9e un prix de l&rsquo;innovation. Dans le domaine des r\u00e9seaux thermiques, le prix a cette fois-ci \u00e9t\u00e9 d\u00e9cern\u00e9 \u00e0 l&rsquo;Office des b\u00e2timents du canton de Soleure. Leur projet innovant \u00ab\u00a0Areal B\u00fcrgerspital Solothurn\u00a0\u00bb montre comment des sites existants peuvent \u00eatre [&#8230;]<\/p>\n<p><a class=\"btn btn-secondary understrap-read-more-link\" href=\"https:\/\/infrawatt.ch\/fr\/le-service-des-batiments-du-canton-de-soleure-remporte-le-prix-de-linnovation-2022-dans-le-domaine-des-reseaux-thermiques\/\">Lire la suite\u2026<span class=\"screen-reader-text\"> from Le service des b\u00e2timents du canton de Soleure remporte le prix de l&rsquo;innovation 2022 dans le domaine des \u00ab\u00a0r\u00e9seaux thermiques\u00a0\u00bb<\/span><\/a><\/p>\n","protected":false},"author":1,"featured_media":2057,"comment_status":"closed","ping_status":"closed","sticky":false,"template":"","format":"standard","meta":{"_acf_changed":false,"footnotes":""},"categories":[61,67],"tags":[],"class_list":["post-3287","post","type-post","status-publish","format-standard","has-post-thumbnail","hentry","category-actualites-fr","category-chaleur-residuelle-fr"],"acf":[],"_links":{"self":[{"href":"https:\/\/infrawatt.ch\/fr\/wp-json\/wp\/v2\/posts\/3287","targetHints":{"allow":["GET"]}}],"collection":[{"href":"https:\/\/infrawatt.ch\/fr\/wp-json\/wp\/v2\/posts"}],"about":[{"href":"https:\/\/infrawatt.ch\/fr\/wp-json\/wp\/v2\/types\/post"}],"author":[{"embeddable":true,"href":"https:\/\/infrawatt.ch\/fr\/wp-json\/wp\/v2\/users\/1"}],"replies":[{"embeddable":true,"href":"https:\/\/infrawatt.ch\/fr\/wp-json\/wp\/v2\/comments?post=3287"}],"version-history":[{"count":1,"href":"https:\/\/infrawatt.ch\/fr\/wp-json\/wp\/v2\/posts\/3287\/revisions"}],"predecessor-version":[{"id":3288,"href":"https:\/\/infrawatt.ch\/fr\/wp-json\/wp\/v2\/posts\/3287\/revisions\/3288"}],"wp:featuredmedia":[{"embeddable":true,"href":"https:\/\/infrawatt.ch\/fr\/wp-json\/wp\/v2\/media\/2057"}],"wp:attachment":[{"href":"https:\/\/infrawatt.ch\/fr\/wp-json\/wp\/v2\/media?parent=3287"}],"wp:term":[{"taxonomy":"category","embeddable":true,"href":"https:\/\/infrawatt.ch\/fr\/wp-json\/wp\/v2\/categories?post=3287"},{"taxonomy":"post_tag","embeddable":true,"href":"https:\/\/infrawatt.ch\/fr\/wp-json\/wp\/v2\/tags?post=3287"}],"curies":[{"name":"wp","href":"https:\/\/api.w.org\/{rel}","templated":true}]}}