{"id":3497,"date":"2023-06-20T09:19:54","date_gmt":"2023-06-20T09:19:54","guid":{"rendered":"https:\/\/infrawatt.ch\/energie-360-startet-nachhaltiges-projekt-fuer-zuerich-lengg-und-zollikon\/"},"modified":"2023-07-03T12:37:42","modified_gmt":"2023-07-03T12:37:42","slug":"energie-360-startet-nachhaltiges-projekt-fuer-zuerich-lengg-und-zollikon","status":"publish","type":"post","link":"https:\/\/infrawatt.ch\/fr\/energie-360-startet-nachhaltiges-projekt-fuer-zuerich-lengg-und-zollikon\/","title":{"rendered":"Energie 360\u00b0 a lanc\u00e9 un projet durable pour Zurich-Lengg et Zollikon"},"content":{"rendered":"\r\n<p><a href=\"https:\/\/www.energie360.ch\/de\/unternehmen\/\" target=\"_blank\" rel=\"noopener\">Energie 360\u00b0<\/a> a lanc\u00e9 le 17 avril dernier les travaux de construction d&rsquo;un nouveau r\u00e9seau \u00e9nerg\u00e9tique. Selon un <a href=\"https:\/\/www.energie360.ch\/de\/unternehmen\/medieninformationen\/erneuerbare-energie-zurich-lengg-und-zollikon-ab-2027\/\" target=\"_blank\" rel=\"noopener\">communiqu\u00e9 de presse<\/a>, \u00e0 partir de 2027, le fournisseur d&rsquo;\u00e9nergie veut, en collaboration avec le\u00a0<a href=\"https:\/\/gesundheitscluster.ch\/\" target=\"_blank\" rel=\"noopener\">r\u00e9seau de sant\u00e9 de Lengg<\/a> et la commune de Zollikon, chauffer et refroidir les cliniques ainsi que les zones r\u00e9sidentielles de mani\u00e8re respectueuse du climat, avec l&rsquo;eau du lac de Zurich. Zollikon doit encore se prononcer sur sa participation \u00e0 l&rsquo;association.<\/p>\r\n<p>Concernant l&rsquo;ad\u00e9quation de la zone de planification pour une telle solution, le communiqu\u00e9 pr\u00e9cise que plusieurs grands instituts de soins de sant\u00e9 ainsi que des zones r\u00e9sidentielles sont situ\u00e9s \u00e0 proximit\u00e9 les uns des autres dans le quartier zurichois de Lengg. Il s&rsquo;agit l\u00e0 d&rsquo;une condition id\u00e9ale pour un r\u00e9seau \u00e9nerg\u00e9tique permettant de chauffer et de refroidir les cliniques, les instituts et les logements dans le respect du climat. L&rsquo;eau doit \u00eatre capt\u00e9e dans le lac de Zurich pr\u00e8s de Zollikon et achemin\u00e9e par des conduites jusqu&rsquo;\u00e0 Lengg.<\/p>\r\n<p>Outre le p\u00f4le de sant\u00e9 et deux zones r\u00e9sidentielles d&rsquo;une centaine de logements, le projet doit \u00e9galement, selon l&rsquo;entreprise \u00e9nerg\u00e9tique, donner le coup d&rsquo;envoi \u00e0 la construction du r\u00e9seau thermique de Zollikon. La chaleur et le froid devraient pouvoir \u00eatre fournis pour la premi\u00e8re fois \u00e0 Lengg et \u00e0 Zollikon vraisemblablement \u00e0 partir de 2027. Selon Energie 360\u00b0, le montant de l&rsquo;investissement pour le r\u00e9seau \u00e9nerg\u00e9tique de Lengg s&rsquo;\u00e9l\u00e8ve \u00e0 environ 90 millions de francs.<\/p>\r\n<p>Le r\u00e9seau de sant\u00e9 deviendra alors le plus grand complexe hospitalier d&rsquo;Europe \u00e0 utiliser de l&rsquo;\u00e9nergie climatiquement neutre, ajoute le communiqu\u00e9. Cela permettra d&rsquo;\u00e9conomiser jusqu&rsquo;\u00e0 10&rsquo;000 tonnes d&rsquo;\u00e9missions de CO2 par an rien que dans les cliniques. Cela correspond aux \u00e9missions d&rsquo;environ 4 millions de litres de mazout.<\/p>\r\n<p>Energie 360\u00b0 s&rsquo;est fix\u00e9 pour objectif de fournir exclusivement de l&rsquo;\u00e9nergie renouvelable \u00e0 ses clients d&rsquo;ici 2040.<\/p>\r\n","protected":false},"excerpt":{"rendered":"<p>Energie 360\u00b0 a lanc\u00e9 le 17 avril dernier les travaux de construction d&rsquo;un nouveau r\u00e9seau \u00e9nerg\u00e9tique. Selon un communiqu\u00e9 de presse, \u00e0 partir de 2027, le fournisseur d&rsquo;\u00e9nergie veut, en collaboration avec le\u00a0r\u00e9seau de sant\u00e9 de Lengg et la commune de Zollikon, chauffer et refroidir les cliniques ainsi que les zones r\u00e9sidentielles de mani\u00e8re respectueuse [&#8230;]<\/p>\n<p><a class=\"btn btn-secondary understrap-read-more-link\" href=\"https:\/\/infrawatt.ch\/fr\/energie-360-startet-nachhaltiges-projekt-fuer-zuerich-lengg-und-zollikon\/\">Lire la suite\u2026<span class=\"screen-reader-text\"> from Energie 360\u00b0 a lanc\u00e9 un projet durable pour Zurich-Lengg et Zollikon<\/span><\/a><\/p>\n","protected":false},"author":1,"featured_media":3329,"comment_status":"open","ping_status":"open","sticky":false,"template":"","format":"standard","meta":{"_acf_changed":false,"footnotes":""},"categories":[38,67,62],"tags":[],"class_list":["post-3497","post","type-post","status-publish","format-standard","has-post-thumbnail","hentry","category-chaleur-fr","category-chaleur-residuelle-fr","category-eaux-potables-fr"],"acf":[],"_links":{"self":[{"href":"https:\/\/infrawatt.ch\/fr\/wp-json\/wp\/v2\/posts\/3497","targetHints":{"allow":["GET"]}}],"collection":[{"href":"https:\/\/infrawatt.ch\/fr\/wp-json\/wp\/v2\/posts"}],"about":[{"href":"https:\/\/infrawatt.ch\/fr\/wp-json\/wp\/v2\/types\/post"}],"author":[{"embeddable":true,"href":"https:\/\/infrawatt.ch\/fr\/wp-json\/wp\/v2\/users\/1"}],"replies":[{"embeddable":true,"href":"https:\/\/infrawatt.ch\/fr\/wp-json\/wp\/v2\/comments?post=3497"}],"version-history":[{"count":6,"href":"https:\/\/infrawatt.ch\/fr\/wp-json\/wp\/v2\/posts\/3497\/revisions"}],"predecessor-version":[{"id":3573,"href":"https:\/\/infrawatt.ch\/fr\/wp-json\/wp\/v2\/posts\/3497\/revisions\/3573"}],"wp:featuredmedia":[{"embeddable":true,"href":"https:\/\/infrawatt.ch\/fr\/wp-json\/wp\/v2\/media\/3329"}],"wp:attachment":[{"href":"https:\/\/infrawatt.ch\/fr\/wp-json\/wp\/v2\/media?parent=3497"}],"wp:term":[{"taxonomy":"category","embeddable":true,"href":"https:\/\/infrawatt.ch\/fr\/wp-json\/wp\/v2\/categories?post=3497"},{"taxonomy":"post_tag","embeddable":true,"href":"https:\/\/infrawatt.ch\/fr\/wp-json\/wp\/v2\/tags?post=3497"}],"curies":[{"name":"wp","href":"https:\/\/api.w.org\/{rel}","templated":true}]}}