{"id":3933,"date":"2023-08-29T06:52:40","date_gmt":"2023-08-29T06:52:40","guid":{"rendered":"https:\/\/infrawatt.ch\/?p=3933"},"modified":"2023-09-20T10:01:52","modified_gmt":"2023-09-20T10:01:52","slug":"wwz-baut-geschaeft-mit-fernwaerme-aus","status":"publish","type":"post","link":"https:\/\/infrawatt.ch\/fr\/wwz-baut-geschaeft-mit-fernwaerme-aus\/","title":{"rendered":"wwz d\u00e9veloppe son activit\u00e9 de chauffage \u00e0 distance"},"content":{"rendered":"\r\n<p>Le groupe <a href=\"https:\/\/www.wwz.ch\/de\/ueber-wwz\/medien\/2023\/erstes-halbjahr-2023\" target=\"_blank\" rel=\"noopener\">WWZ<\/a> observe une augmentation de la demande de chauffage et de refroidissement \u00e0 distance. Le secteur d&rsquo;activit\u00e9 correspondant a augment\u00e9 son chiffre d&rsquo;affaires de 15% au premier semestre 2023 par rapport \u00e0 l&rsquo;ann\u00e9e pr\u00e9c\u00e9dente, informe le fournisseur d&rsquo;\u00e9nergie, de t\u00e9l\u00e9communications et d&rsquo;eau zougois dans un <a href=\"https:\/\/www.wwz.ch\/de\/ueber-wwz\/medien\/2023\/erstes-halbjahr-2023\" target=\"_blank\" rel=\"noopener\">communiqu\u00e9<\/a>. Au cours du semestre sous revue, le groupe a pu raccorder de nouveaux immeubles \u00e0 ses r\u00e9seaux \u00e9nerg\u00e9tiques Circulago et Ennetsee. A l&rsquo;avenir, ce secteur d&rsquo;activit\u00e9 que WWZ consid\u00e8re comme porteur d&rsquo;avenir devrait encore \u00eatre d\u00e9velopp\u00e9. Une \u00e9tude de faisabilit\u00e9 pour un r\u00e9seau de chaleur a d\u00e9j\u00e0 \u00e9t\u00e9 r\u00e9alis\u00e9e \u00e0 Steinhausen, et le groupe travaille actuellement \u00e0 une \u00e9tude correspondante avec la commune de Baar. Les investissements dans le chauffage et le refroidissement \u00e0 distance entra\u00eenent certes \u00ab\u00a0temporairement des co\u00fbts d&rsquo;exploitation plus \u00e9lev\u00e9s, mais les investissements sont rentabilis\u00e9s \u00e0 moyen terme par des cash-flows stables\u00a0\u00bb, \u00e9crit WWZ. \u00a0<\/p>\r\n<p class=\"bodytext\">\u00a0<\/p>\r\n","protected":false},"excerpt":{"rendered":"<p>Le groupe WWZ observe une augmentation de la demande de chauffage et de refroidissement \u00e0 distance. Le secteur d&rsquo;activit\u00e9 correspondant a augment\u00e9 son chiffre d&rsquo;affaires de 15% au premier semestre 2023 par rapport \u00e0 l&rsquo;ann\u00e9e pr\u00e9c\u00e9dente, informe le fournisseur d&rsquo;\u00e9nergie, de t\u00e9l\u00e9communications et d&rsquo;eau zougois dans un communiqu\u00e9. Au cours du semestre sous revue, le [&#8230;]<\/p>\n<p><a class=\"btn btn-secondary understrap-read-more-link\" href=\"https:\/\/infrawatt.ch\/fr\/wwz-baut-geschaeft-mit-fernwaerme-aus\/\">Lire la suite\u2026<span class=\"screen-reader-text\"> from wwz d\u00e9veloppe son activit\u00e9 de chauffage \u00e0 distance<\/span><\/a><\/p>\n","protected":false},"author":9,"featured_media":3926,"comment_status":"open","ping_status":"open","sticky":false,"template":"","format":"standard","meta":{"_acf_changed":false,"footnotes":""},"categories":[94,61,67,92],"tags":[],"class_list":["post-3933","post","type-post","status-publish","format-standard","has-post-thumbnail","hentry","category-abwaerme-fr","category-actualites-fr","category-chaleur-residuelle-fr","category-mailchimp-fr"],"acf":[],"_links":{"self":[{"href":"https:\/\/infrawatt.ch\/fr\/wp-json\/wp\/v2\/posts\/3933","targetHints":{"allow":["GET"]}}],"collection":[{"href":"https:\/\/infrawatt.ch\/fr\/wp-json\/wp\/v2\/posts"}],"about":[{"href":"https:\/\/infrawatt.ch\/fr\/wp-json\/wp\/v2\/types\/post"}],"author":[{"embeddable":true,"href":"https:\/\/infrawatt.ch\/fr\/wp-json\/wp\/v2\/users\/9"}],"replies":[{"embeddable":true,"href":"https:\/\/infrawatt.ch\/fr\/wp-json\/wp\/v2\/comments?post=3933"}],"version-history":[{"count":3,"href":"https:\/\/infrawatt.ch\/fr\/wp-json\/wp\/v2\/posts\/3933\/revisions"}],"predecessor-version":[{"id":4071,"href":"https:\/\/infrawatt.ch\/fr\/wp-json\/wp\/v2\/posts\/3933\/revisions\/4071"}],"wp:featuredmedia":[{"embeddable":true,"href":"https:\/\/infrawatt.ch\/fr\/wp-json\/wp\/v2\/media\/3926"}],"wp:attachment":[{"href":"https:\/\/infrawatt.ch\/fr\/wp-json\/wp\/v2\/media?parent=3933"}],"wp:term":[{"taxonomy":"category","embeddable":true,"href":"https:\/\/infrawatt.ch\/fr\/wp-json\/wp\/v2\/categories?post=3933"},{"taxonomy":"post_tag","embeddable":true,"href":"https:\/\/infrawatt.ch\/fr\/wp-json\/wp\/v2\/tags?post=3933"}],"curies":[{"name":"wp","href":"https:\/\/api.w.org\/{rel}","templated":true}]}}