{"id":4108,"date":"2023-09-27T10:12:47","date_gmt":"2023-09-27T10:12:47","guid":{"rendered":"https:\/\/infrawatt.ch\/waermeverbund-ennetsee-nimmt-arbeit-auf\/"},"modified":"2023-09-28T13:39:58","modified_gmt":"2023-09-28T13:39:58","slug":"waermeverbund-ennetsee-nimmt-arbeit-auf","status":"publish","type":"post","link":"https:\/\/infrawatt.ch\/fr\/waermeverbund-ennetsee-nimmt-arbeit-auf\/","title":{"rendered":"Le r\u00e9seau de chaleur d&rsquo;Ennetsee entre en fonction"},"content":{"rendered":"\r\n<p>Avec l&rsquo;ouverture de la conduite de transport entre Perlen et Rotkreuz, <a href=\"https:\/\/www.wwz.ch\/de\/\" target=\"_blank\" rel=\"noopener\">WWZ<\/a> a mis en service le premier tron\u00e7on de son r\u00e9seau de chaleur Ennetsee. \u00ab\u00a0D\u00e8s \u00e0 pr\u00e9sent, les rejets thermiques de l&rsquo;usine d&rsquo;incin\u00e9ration des ordures m\u00e9nag\u00e8res (UIOM) Renergia de Perlen sont achemin\u00e9s vers le r\u00e9seau de distribution de Rotkreuz et alimentent les premiers immeubles de la commune en \u00e9nergie r\u00e9gionale, \u00e9cologique et neutre en CO2 pour le chauffage et l&rsquo;eau chaude\u00a0\u00bb, explique le fournisseur d&rsquo;\u00e9nergie, de t\u00e9l\u00e9communications et d&rsquo;eau du canton de Zoug dans un <a href=\"https:\/\/www.wwz.ch\/de\/ueber-wwz\/medien\/2023\/inbetriebnahme-waermeverbund-ennetsee\" target=\"_blank\" rel=\"noopener\">communiqu\u00e9<\/a> correspondant.<\/p>\r\n<p>Une fois achev\u00e9, le r\u00e9seau de chaleur Ennetsee devrait pouvoir alimenter, outre Rotkreuz, le village de Holzh\u00e4usern, qui appartient \u00e0 Risch ZG, la zone de B\u00f6sch dans la commune de H\u00fcnenberg ZG, H\u00fcnenberg See et Cham avec la chaleur r\u00e9siduelle de l&rsquo;UIOM <a href=\"https:\/\/www.renergia.ch\/\" target=\"_blank\" rel=\"noopener\">Renergia<\/a>. WWZ estime que le r\u00e9seau de chaleur permettra d&rsquo;\u00e9viter l&rsquo;\u00e9mission de plus de 12 000 tonnes de CO2 par an. Actuellement, l&rsquo;entreprise travaille sur d&rsquo;autres conduites de chauffage \u00e0 distance \u00e0 Rotkreuz et sur le prochain tron\u00e7on de la conduite de transport principale, de l&rsquo;usine de traitement des ordures m\u00e9nag\u00e8res jusqu&rsquo;\u00e0 Cham.<\/p>\r\n","protected":false},"excerpt":{"rendered":"<p>Avec l&rsquo;ouverture de la conduite de transport entre Perlen et Rotkreuz, WWZ a mis en service le premier tron\u00e7on de son r\u00e9seau de chaleur Ennetsee. \u00ab\u00a0D\u00e8s \u00e0 pr\u00e9sent, les rejets thermiques de l&rsquo;usine d&rsquo;incin\u00e9ration des ordures m\u00e9nag\u00e8res (UIOM) Renergia de Perlen sont achemin\u00e9s vers le r\u00e9seau de distribution de Rotkreuz et alimentent les premiers immeubles [&#8230;]<\/p>\n<p><a class=\"btn btn-secondary understrap-read-more-link\" href=\"https:\/\/infrawatt.ch\/fr\/waermeverbund-ennetsee-nimmt-arbeit-auf\/\">Lire la suite\u2026<span class=\"screen-reader-text\"> from Le r\u00e9seau de chaleur d&rsquo;Ennetsee entre en fonction<\/span><\/a><\/p>\n","protected":false},"author":2,"featured_media":4099,"comment_status":"open","ping_status":"open","sticky":false,"template":"","format":"standard","meta":{"_acf_changed":false,"footnotes":""},"categories":[61,67,65,92],"tags":[],"class_list":["post-4108","post","type-post","status-publish","format-standard","has-post-thumbnail","hentry","category-actualites-fr","category-chaleur-residuelle-fr","category-dechets-fr","category-mailchimp-fr"],"acf":[],"_links":{"self":[{"href":"https:\/\/infrawatt.ch\/fr\/wp-json\/wp\/v2\/posts\/4108","targetHints":{"allow":["GET"]}}],"collection":[{"href":"https:\/\/infrawatt.ch\/fr\/wp-json\/wp\/v2\/posts"}],"about":[{"href":"https:\/\/infrawatt.ch\/fr\/wp-json\/wp\/v2\/types\/post"}],"author":[{"embeddable":true,"href":"https:\/\/infrawatt.ch\/fr\/wp-json\/wp\/v2\/users\/2"}],"replies":[{"embeddable":true,"href":"https:\/\/infrawatt.ch\/fr\/wp-json\/wp\/v2\/comments?post=4108"}],"version-history":[{"count":5,"href":"https:\/\/infrawatt.ch\/fr\/wp-json\/wp\/v2\/posts\/4108\/revisions"}],"predecessor-version":[{"id":4154,"href":"https:\/\/infrawatt.ch\/fr\/wp-json\/wp\/v2\/posts\/4108\/revisions\/4154"}],"wp:featuredmedia":[{"embeddable":true,"href":"https:\/\/infrawatt.ch\/fr\/wp-json\/wp\/v2\/media\/4099"}],"wp:attachment":[{"href":"https:\/\/infrawatt.ch\/fr\/wp-json\/wp\/v2\/media?parent=4108"}],"wp:term":[{"taxonomy":"category","embeddable":true,"href":"https:\/\/infrawatt.ch\/fr\/wp-json\/wp\/v2\/categories?post=4108"},{"taxonomy":"post_tag","embeddable":true,"href":"https:\/\/infrawatt.ch\/fr\/wp-json\/wp\/v2\/tags?post=4108"}],"curies":[{"name":"wp","href":"https:\/\/api.w.org\/{rel}","templated":true}]}}