{"id":4161,"date":"2023-09-28T08:18:42","date_gmt":"2023-09-28T08:18:42","guid":{"rendered":"https:\/\/infrawatt.ch\/50-jahre-abwasserverband-morgental\/"},"modified":"2023-09-28T13:46:16","modified_gmt":"2023-09-28T13:46:16","slug":"50-jahre-abwasserverband-morgental","status":"publish","type":"post","link":"https:\/\/infrawatt.ch\/fr\/50-jahre-abwasserverband-morgental\/","title":{"rendered":"50 ans du syndicat des eaux us\u00e9es de Morgental"},"content":{"rendered":"<p>Le samedi 2 septembre 2023, la population a pu avoir un aper\u00e7u des multiples t\u00e2ches de la <a href=\"https:\/\/www.morgental.ch\/aktuell\/\" target=\"_blank\" rel=\"noopener\">station d&rsquo;\u00e9puration de Morgental<\/a> et de son parc \u00e9nerg\u00e9tique en constante \u00e9volution.<\/p>\n<p>Par un temps magnifique, plus de 700 personnes int\u00e9ress\u00e9es ont profit\u00e9 de cette offre et ont d\u00e9couvert la station d&rsquo;\u00e9puration par elles-m\u00eames en suivant un circuit fl\u00e9ch\u00e9. Des sp\u00e9cialistes \u00e9taient \u00e0 disposition pour r\u00e9pondre aux questions \u00e0 divers postes. Les visiteurs ont ainsi pu se faire une id\u00e9e des processus complexes allant de la collecte des eaux us\u00e9es des zones urbaines au traitement des eaux us\u00e9es \u00e0 la STEP. Les th\u00e8mes \u00e9nerg\u00e9tiques d\u00e9j\u00e0 r\u00e9alis\u00e9s ont pu \u00eatre vus et v\u00e9cus sur place.<\/p>\n<p>L&rsquo;entreprise Morgental s&rsquo;efforce d&rsquo;assurer la meilleure protection possible des eaux gr\u00e2ce \u00e0 l&rsquo;optimisation et \u00e0 l&rsquo;utilisation de technologies innovantes et respectueuses des ressources.<\/p>\n<p>Pour en savoir plus sur l&rsquo;entreprise Morgental, <a href=\"https:\/\/www.morgental.ch\/medien\/downloads\/\" target=\"_blank\" rel=\"noopener\">cliquez ici<\/a><\/p>\n","protected":false},"excerpt":{"rendered":"<p>Le samedi 2 septembre 2023, la population a pu avoir un aper\u00e7u des multiples t\u00e2ches de la station d&rsquo;\u00e9puration de Morgental et de son parc \u00e9nerg\u00e9tique en constante \u00e9volution. Par un temps magnifique, plus de 700 personnes int\u00e9ress\u00e9es ont profit\u00e9 de cette offre et ont d\u00e9couvert la station d&rsquo;\u00e9puration par elles-m\u00eames en suivant un circuit [&#8230;]<\/p>\n<p><a class=\"btn btn-secondary understrap-read-more-link\" href=\"https:\/\/infrawatt.ch\/fr\/50-jahre-abwasserverband-morgental\/\">Lire la suite\u2026<span class=\"screen-reader-text\"> from 50 ans du syndicat des eaux us\u00e9es de Morgental<\/span><\/a><\/p>\n","protected":false},"author":9,"featured_media":0,"comment_status":"open","ping_status":"open","sticky":false,"template":"","format":"standard","meta":{"_acf_changed":false,"footnotes":""},"categories":[95,66,92,16],"tags":[],"class_list":["post-4161","post","type-post","status-publish","format-standard","hentry","category-abwasser-fr","category-eaux-usees-fr","category-mailchimp-fr","category-non-classifiee"],"acf":[],"_links":{"self":[{"href":"https:\/\/infrawatt.ch\/fr\/wp-json\/wp\/v2\/posts\/4161","targetHints":{"allow":["GET"]}}],"collection":[{"href":"https:\/\/infrawatt.ch\/fr\/wp-json\/wp\/v2\/posts"}],"about":[{"href":"https:\/\/infrawatt.ch\/fr\/wp-json\/wp\/v2\/types\/post"}],"author":[{"embeddable":true,"href":"https:\/\/infrawatt.ch\/fr\/wp-json\/wp\/v2\/users\/9"}],"replies":[{"embeddable":true,"href":"https:\/\/infrawatt.ch\/fr\/wp-json\/wp\/v2\/comments?post=4161"}],"version-history":[{"count":2,"href":"https:\/\/infrawatt.ch\/fr\/wp-json\/wp\/v2\/posts\/4161\/revisions"}],"predecessor-version":[{"id":4163,"href":"https:\/\/infrawatt.ch\/fr\/wp-json\/wp\/v2\/posts\/4161\/revisions\/4163"}],"wp:attachment":[{"href":"https:\/\/infrawatt.ch\/fr\/wp-json\/wp\/v2\/media?parent=4161"}],"wp:term":[{"taxonomy":"category","embeddable":true,"href":"https:\/\/infrawatt.ch\/fr\/wp-json\/wp\/v2\/categories?post=4161"},{"taxonomy":"post_tag","embeddable":true,"href":"https:\/\/infrawatt.ch\/fr\/wp-json\/wp\/v2\/tags?post=4161"}],"curies":[{"name":"wp","href":"https:\/\/api.w.org\/{rel}","templated":true}]}}