{"id":4192,"date":"2023-09-20T10:13:27","date_gmt":"2023-09-20T10:13:27","guid":{"rendered":"https:\/\/infrawatt.ch\/wetzikon-stimmt-fuer-das-fernwaermenetz\/"},"modified":"2023-09-29T12:32:13","modified_gmt":"2023-09-29T12:32:13","slug":"wetzikon-stimmt-fuer-das-fernwaermenetz","status":"publish","type":"post","link":"https:\/\/infrawatt.ch\/fr\/wetzikon-stimmt-fuer-das-fernwaermenetz\/","title":{"rendered":"Wetzikon vote pour le r\u00e9seau de chaleur"},"content":{"rendered":"\r\n<p>Le 3 septembre 2023, les \u00e9lecteurs de Wetzikon ont approuv\u00e9 la cr\u00e9ation de la soci\u00e9t\u00e9 Fernw\u00e4rme Wetzikon AG. Le r\u00e9seau de chauffage \u00e0 distance avec utilisation de la chaleur r\u00e9siduelle approvisionnera d\u00e8s 2025 jusqu&rsquo;\u00e0 50 pour cent des m\u00e9nages de Wetzikon en \u00e9nergie neutre en CO2. Selon un <a href=\"https:\/\/www.energie360.ch\/de\/unternehmen\/medieninformationen\/grunes-licht-fur-die-fernwarme-wetzikon\/\" target=\"_blank\" rel=\"noopener\">communiqu\u00e9<\/a> de presse, le prestataire de services \u00e9nerg\u00e9tiques Energie 360\u00b0 et la ville de Wetzikon seront des associ\u00e9s communs de la nouvelle soci\u00e9t\u00e9 anonyme, avec respectivement 40 et 60 pour cent.<\/p>\r\n<p>La nouvelle soci\u00e9t\u00e9 anonyme conclura des contrats de chaleur \u00e0 long terme avec la station d&rsquo;\u00e9puration des eaux us\u00e9es de Wetzikon et la Kehrichtverwertung Z\u00fcrcher Oberland (KEZO). Le chauffage \u00e0 distance sera achemin\u00e9 par une conduite de transport de la KEZO Hinwil \u00e0 Wetzikon, d&rsquo;o\u00f9 il sera distribu\u00e9 aux m\u00e9nages. La centrale \u00e9nerg\u00e9tique est pr\u00e9vue pr\u00e8s de la piscine en plein air de Wetzikon.<\/p>\r\n<p>\u00ab\u00a0Pour les r\u00e9seaux de chaleur, il s&rsquo;agit d&rsquo;utiliser les sources de chaleur disponibles localement\u00a0\u00bb, explique Romeo Deplazes, cit\u00e9 par Energie 360\u00b0. \u00ab\u00a0A Wetzikon, on dispose de la chaleur r\u00e9siduelle issue du recyclage des ordures, c&rsquo;est id\u00e9al\u00a0\u00bb.<\/p>\r\n<p>\u00ab\u00a0Plus vite nous pourrons r\u00e9aliser le chauffage \u00e0 distance de Wetzikon, mieux ce sera\u00a0\u00bb, estime le conseiller municipal Heinrich Vettiger. \u00ab\u00a0Nous serons ainsi moins d\u00e9pendants des combustibles fossiles provenant de l&rsquo;\u00e9tranger et nous utiliserons la chaleur r\u00e9siduelle r\u00e9gionale qui est de toute fa\u00e7on produite\u00a0\u00bb. Selon lui, Energie 360\u00b0 est le partenaire id\u00e9al gr\u00e2ce \u00e0 sa longue exp\u00e9rience et \u00e0 sa solide expertise.<\/p>\r\n<p>Selon ses propres informations, le prestataire de services \u00e9nerg\u00e9tiques construit et exploite d\u00e9j\u00e0 des r\u00e9seaux de chaleur avec utilisation de l&rsquo;eau du lac autour du lac de Zurich pour diff\u00e9rentes communes et entreprises. A Dielsdorf (ZH), la chaleur r\u00e9siduelle des centres de donn\u00e9es sera utilis\u00e9e pour alimenter \u00e0 l&rsquo;avenir jusqu&rsquo;\u00e0 3500 m\u00e9nages en chaleur.<\/p>\r\n<p>&nbsp;<\/p>\r\n<p>&nbsp;<\/p>\r\n<p>&nbsp;<\/p>\r\n<p>&nbsp;<\/p>\r\n<p>&nbsp;<\/p>\r\n<p class=\"bodytext\">\u00a0<\/p>\r\n","protected":false},"excerpt":{"rendered":"<p>Le 3 septembre 2023, les \u00e9lecteurs de Wetzikon ont approuv\u00e9 la cr\u00e9ation de la soci\u00e9t\u00e9 Fernw\u00e4rme Wetzikon AG. Le r\u00e9seau de chauffage \u00e0 distance avec utilisation de la chaleur r\u00e9siduelle approvisionnera d\u00e8s 2025 jusqu&rsquo;\u00e0 50 pour cent des m\u00e9nages de Wetzikon en \u00e9nergie neutre en CO2. Selon un communiqu\u00e9 de presse, le prestataire de services [&#8230;]<\/p>\n<p><a class=\"btn btn-secondary understrap-read-more-link\" href=\"https:\/\/infrawatt.ch\/fr\/wetzikon-stimmt-fuer-das-fernwaermenetz\/\">Lire la suite\u2026<span class=\"screen-reader-text\"> from Wetzikon vote pour le r\u00e9seau de chaleur<\/span><\/a><\/p>\n","protected":false},"author":2,"featured_media":4016,"comment_status":"open","ping_status":"open","sticky":false,"template":"","format":"standard","meta":{"_acf_changed":false,"footnotes":""},"categories":[61,92,16],"tags":[],"class_list":["post-4192","post","type-post","status-publish","format-standard","has-post-thumbnail","hentry","category-actualites-fr","category-mailchimp-fr","category-non-classifiee"],"acf":[],"_links":{"self":[{"href":"https:\/\/infrawatt.ch\/fr\/wp-json\/wp\/v2\/posts\/4192","targetHints":{"allow":["GET"]}}],"collection":[{"href":"https:\/\/infrawatt.ch\/fr\/wp-json\/wp\/v2\/posts"}],"about":[{"href":"https:\/\/infrawatt.ch\/fr\/wp-json\/wp\/v2\/types\/post"}],"author":[{"embeddable":true,"href":"https:\/\/infrawatt.ch\/fr\/wp-json\/wp\/v2\/users\/2"}],"replies":[{"embeddable":true,"href":"https:\/\/infrawatt.ch\/fr\/wp-json\/wp\/v2\/comments?post=4192"}],"version-history":[{"count":5,"href":"https:\/\/infrawatt.ch\/fr\/wp-json\/wp\/v2\/posts\/4192\/revisions"}],"predecessor-version":[{"id":4233,"href":"https:\/\/infrawatt.ch\/fr\/wp-json\/wp\/v2\/posts\/4192\/revisions\/4233"}],"wp:featuredmedia":[{"embeddable":true,"href":"https:\/\/infrawatt.ch\/fr\/wp-json\/wp\/v2\/media\/4016"}],"wp:attachment":[{"href":"https:\/\/infrawatt.ch\/fr\/wp-json\/wp\/v2\/media?parent=4192"}],"wp:term":[{"taxonomy":"category","embeddable":true,"href":"https:\/\/infrawatt.ch\/fr\/wp-json\/wp\/v2\/categories?post=4192"},{"taxonomy":"post_tag","embeddable":true,"href":"https:\/\/infrawatt.ch\/fr\/wp-json\/wp\/v2\/tags?post=4192"}],"curies":[{"name":"wp","href":"https:\/\/api.w.org\/{rel}","templated":true}]}}