{"id":4203,"date":"2023-09-20T10:07:09","date_gmt":"2023-09-20T10:07:09","guid":{"rendered":"https:\/\/infrawatt.ch\/stimmvolk-sagt-ja-zur-limeco-erneuerung\/"},"modified":"2023-12-08T14:38:04","modified_gmt":"2023-12-08T14:38:04","slug":"stimmvolk-sagt-ja-zur-limeco-erneuerung","status":"publish","type":"post","link":"https:\/\/infrawatt.ch\/fr\/stimmvolk-sagt-ja-zur-limeco-erneuerung\/","title":{"rendered":"Les \u00e9lecteurs disent OUI au renouvellement de Limeco"},"content":{"rendered":"\r\n<p>L&rsquo;usine r\u00e9gionale <a href=\"https:\/\/www.limeco.ch\/\" target=\"_blank\" rel=\"noopener\">Limeco<\/a> de la vall\u00e9e de la Limmat, dont le si\u00e8ge est \u00e0 Dietikon, doit enti\u00e8rement r\u00e9nover son usine d&rsquo;incin\u00e9ration des ordures m\u00e9nag\u00e8res (UIOM) et sa station d&rsquo;\u00e9puration des eaux us\u00e9es (STEP). Le centre \u00e9nerg\u00e9tique de la vall\u00e9e de la Limmat doit voir le jour \u00e0 cette occasion. Selon un <a href=\"https:\/\/www.limeco.ch\/medienmitteilung\/volksabstimmung-projektierungskredit-und-landreserve\/\" target=\"_blank\" rel=\"noopener\">communiqu\u00e9<\/a> de presse, plus de 80% de la population a approuv\u00e9 en votation populaire le cr\u00e9dit d&rsquo;\u00e9tude pour les travaux de r\u00e9novation. Ils ont \u00e9galement approuv\u00e9 l&rsquo;acquisition pr\u00e9vue du site Hasler comme r\u00e9serve fonci\u00e8re.<\/p>\r\n<p>\u00ab\u00a0La population soutient notre strat\u00e9gie d&rsquo;avenir et adh\u00e8re \u00e0 ce projet g\u00e9n\u00e9rationnel important pour la r\u00e9gion\u00a0\u00bb, d\u00e9clare Stefano Kunz, pr\u00e9sident du conseil d&rsquo;administration de Limeco. En raison des exigences de la protection des eaux, de l&rsquo;environnement et du climat ainsi que de la croissance d\u00e9mographique, Limeco doit agrandir la STEP d&rsquo;ici 2034 et en construire une nouvelle d&rsquo;ici 2050. L&rsquo;UIOM arrive \u00e0 la fin de sa dur\u00e9e de vie technique et doit \u00e9galement \u00eatre r\u00e9nov\u00e9e d&rsquo;ici 2034.<\/p>\r\n<p>La r\u00e9novation totale des installations renforce l&rsquo;ind\u00e9pendance \u00e9nerg\u00e9tique de la r\u00e9gion et apporte une contribution substantielle au tournant \u00e9nerg\u00e9tique et climatique de la vall\u00e9e de la Limmat, ajoute le communiqu\u00e9. \u00ab\u00a0Nous transformons les d\u00e9chets et les eaux us\u00e9es en \u00e9nergie propre. En votant oui dans les urnes, les habitants de la vall\u00e9e de la Limmat disent \u00e9galement oui \u00e0 cette formule gagnante\u00a0\u00bb, d\u00e9clare le directeur Patrik Feusi.<\/p>\r\n<p>Concr\u00e8tement, Limeco lance maintenant la premi\u00e8re phase de projet et examine plusieurs variantes de r\u00e9alisation. Le \u00ab\u00a0prochain jalon est un avant-projet coordonn\u00e9 sur l&rsquo;ensemble des installations pour toutes les \u00e9tapes de construction jusqu&rsquo;en 2050\u00a0\u00bb, explique Markus Bircher, responsable des projets strat\u00e9giques chez Limeco. Le cr\u00e9dit de r\u00e9alisation pour l&rsquo;extension de la STEP et le remplacement de l&rsquo;UIOM sera vraisemblablement soumis au vote en 2026.<\/p>\r\n<p class=\"bodytext\">\u00a0<\/p>\r\n","protected":false},"excerpt":{"rendered":"<p>L&rsquo;usine r\u00e9gionale Limeco de la vall\u00e9e de la Limmat, dont le si\u00e8ge est \u00e0 Dietikon, doit enti\u00e8rement r\u00e9nover son usine d&rsquo;incin\u00e9ration des ordures m\u00e9nag\u00e8res (UIOM) et sa station d&rsquo;\u00e9puration des eaux us\u00e9es (STEP). Le centre \u00e9nerg\u00e9tique de la vall\u00e9e de la Limmat doit voir le jour \u00e0 cette occasion. Selon un communiqu\u00e9 de presse, plus [&#8230;]<\/p>\n<p><a class=\"btn btn-secondary understrap-read-more-link\" href=\"https:\/\/infrawatt.ch\/fr\/stimmvolk-sagt-ja-zur-limeco-erneuerung\/\">Lire la suite\u2026<span class=\"screen-reader-text\"> from Les \u00e9lecteurs disent OUI au renouvellement de Limeco<\/span><\/a><\/p>\n","protected":false},"author":2,"featured_media":4014,"comment_status":"open","ping_status":"open","sticky":false,"template":"","format":"standard","meta":{"_acf_changed":false,"footnotes":""},"categories":[61],"tags":[],"class_list":["post-4203","post","type-post","status-publish","format-standard","has-post-thumbnail","hentry","category-actualites-fr"],"acf":[],"_links":{"self":[{"href":"https:\/\/infrawatt.ch\/fr\/wp-json\/wp\/v2\/posts\/4203","targetHints":{"allow":["GET"]}}],"collection":[{"href":"https:\/\/infrawatt.ch\/fr\/wp-json\/wp\/v2\/posts"}],"about":[{"href":"https:\/\/infrawatt.ch\/fr\/wp-json\/wp\/v2\/types\/post"}],"author":[{"embeddable":true,"href":"https:\/\/infrawatt.ch\/fr\/wp-json\/wp\/v2\/users\/2"}],"replies":[{"embeddable":true,"href":"https:\/\/infrawatt.ch\/fr\/wp-json\/wp\/v2\/comments?post=4203"}],"version-history":[{"count":2,"href":"https:\/\/infrawatt.ch\/fr\/wp-json\/wp\/v2\/posts\/4203\/revisions"}],"predecessor-version":[{"id":4205,"href":"https:\/\/infrawatt.ch\/fr\/wp-json\/wp\/v2\/posts\/4203\/revisions\/4205"}],"wp:featuredmedia":[{"embeddable":true,"href":"https:\/\/infrawatt.ch\/fr\/wp-json\/wp\/v2\/media\/4014"}],"wp:attachment":[{"href":"https:\/\/infrawatt.ch\/fr\/wp-json\/wp\/v2\/media?parent=4203"}],"wp:term":[{"taxonomy":"category","embeddable":true,"href":"https:\/\/infrawatt.ch\/fr\/wp-json\/wp\/v2\/categories?post=4203"},{"taxonomy":"post_tag","embeddable":true,"href":"https:\/\/infrawatt.ch\/fr\/wp-json\/wp\/v2\/tags?post=4203"}],"curies":[{"name":"wp","href":"https:\/\/api.w.org\/{rel}","templated":true}]}}