{"id":4207,"date":"2023-09-13T10:09:30","date_gmt":"2023-09-13T10:09:30","guid":{"rendered":"https:\/\/infrawatt.ch\/kva-turgi-soll-fuer-325-millionen-franken-erneuert-werden\/"},"modified":"2023-09-29T12:37:06","modified_gmt":"2023-09-29T12:37:06","slug":"kva-turgi-soll-fuer-325-millionen-franken-erneuert-werden","status":"publish","type":"post","link":"https:\/\/infrawatt.ch\/fr\/kva-turgi-soll-fuer-325-millionen-franken-erneuert-werden\/","title":{"rendered":"L&rsquo;UVTD de Turgi doit \u00eatre r\u00e9nov\u00e9e pour 325 millions de francs"},"content":{"rendered":"\r\n<p>&nbsp;<\/p>\r\n<p>Apr\u00e8s 50 ans d&rsquo;exploitation, <a href=\"http:\/\/www.kva2030.ch\/\" target=\"_blank\" rel=\"noopener\">l&rsquo;UVTD de Turgi<\/a> doit \u00eatre r\u00e9nov\u00e9e. Selon un communiqu\u00e9 de presse, le comit\u00e9 directeur demandera \u00e0 cet effet un cr\u00e9dit d&rsquo;\u00e9tude de 17 millions de francs lors de la prochaine assembl\u00e9e des d\u00e9l\u00e9gu\u00e9s, le 27 septembre 2023. Les co\u00fbts totaux de la r\u00e9novation sont estim\u00e9s \u00e0 325 millions de francs. Selon les informations fournies, la n\u00e9cessit\u00e9 d&rsquo;une r\u00e9novation se manifeste \u00e9galement par l&rsquo;augmentation des d\u00e9penses de r\u00e9paration et d&rsquo;entretien.<\/p>\r\n<p>Apr\u00e8s une phase de planification de plusieurs ann\u00e9es, la construction ne pourra vraisemblablement pas commencer avant 2028. La nouvelle UVTD pourrait alors \u00eatre mise en service en 2033. Les derniers travaux de r\u00e9novation de l&rsquo;installation avaient \u00e9t\u00e9 r\u00e9alis\u00e9s dans les ann\u00e9es 1990.<\/p>\r\n<p>A ce sujet, l&rsquo;UVTD a mis en ligne sur son site Internet, outre l&rsquo;invitation \u00e0 l&rsquo;Assembl\u00e9e des d\u00e9l\u00e9gu\u00e9s, un ensemble de documents, y compris l&rsquo;\u00e9tude de faisabilit\u00e9 du projet ainsi que la proposition d\u00e9taill\u00e9e du pr\u00e9sident Philippe Ramseier concernant le <a href=\"https:\/\/www.kva.ch\/fileadmin\/files\/pdf\/AV_2023_-_2_Projektierungskredit.pdf\" target=\"_blank\" rel=\"noopener\">cr\u00e9dit d&rsquo;\u00e9tude<\/a>.<\/p>\r\n<p>Selon ces documents, la direction et le comit\u00e9 de l&rsquo;UVTD se penchent d\u00e9j\u00e0 depuis 2015 sur le renouvellement des installations obsol\u00e8tes. Une collaboration avec les installations voisines de Buchs AG et Dietikon ZH a \u00e9t\u00e9 examin\u00e9e. Toutes deux l&rsquo;ont toutefois refus\u00e9e. Apr\u00e8s l&rsquo;\u00e9tude de faisabilit\u00e9 de 2022, le comit\u00e9 directeur de l&rsquo;UVTD a d\u00e9cid\u00e9 de placer les nouvelles installations sur une parcelle voisine de l&rsquo;association de <a href=\"https:\/\/www.abwturgi.ch\/\" target=\"_blank\" rel=\"noopener\">traitement des eaux us\u00e9es de la r\u00e9gion de Baden Wettingen<\/a>. L&rsquo;exploitation pourra ainsi se poursuivre pendant les travaux de r\u00e9novation.<\/p>\r\n<p>L&rsquo;UVTD de Turgi traite environ 120&rsquo;000 tonnes de d\u00e9chets par an. Pour le chauffage \u00e0 distance qui en est issu, on s&rsquo;attend \u00e0 une augmentation mod\u00e9r\u00e9e des prix en raison des co\u00fbts de r\u00e9novation.<\/p>\r\n<p class=\"bodytext\">\u00a0<\/p>\r\n","protected":false},"excerpt":{"rendered":"<p>&nbsp; Apr\u00e8s 50 ans d&rsquo;exploitation, l&rsquo;UVTD de Turgi doit \u00eatre r\u00e9nov\u00e9e. Selon un communiqu\u00e9 de presse, le comit\u00e9 directeur demandera \u00e0 cet effet un cr\u00e9dit d&rsquo;\u00e9tude de 17 millions de francs lors de la prochaine assembl\u00e9e des d\u00e9l\u00e9gu\u00e9s, le 27 septembre 2023. Les co\u00fbts totaux de la r\u00e9novation sont estim\u00e9s \u00e0 325 millions de francs. [&#8230;]<\/p>\n<p><a class=\"btn btn-secondary understrap-read-more-link\" href=\"https:\/\/infrawatt.ch\/fr\/kva-turgi-soll-fuer-325-millionen-franken-erneuert-werden\/\">Lire la suite\u2026<span class=\"screen-reader-text\"> from L&rsquo;UVTD de Turgi doit \u00eatre r\u00e9nov\u00e9e pour 325 millions de francs<\/span><\/a><\/p>\n","protected":false},"author":2,"featured_media":4019,"comment_status":"open","ping_status":"open","sticky":false,"template":"","format":"standard","meta":{"_acf_changed":false,"footnotes":""},"categories":[61,67,92],"tags":[],"class_list":["post-4207","post","type-post","status-publish","format-standard","has-post-thumbnail","hentry","category-actualites-fr","category-chaleur-residuelle-fr","category-mailchimp-fr"],"acf":[],"_links":{"self":[{"href":"https:\/\/infrawatt.ch\/fr\/wp-json\/wp\/v2\/posts\/4207","targetHints":{"allow":["GET"]}}],"collection":[{"href":"https:\/\/infrawatt.ch\/fr\/wp-json\/wp\/v2\/posts"}],"about":[{"href":"https:\/\/infrawatt.ch\/fr\/wp-json\/wp\/v2\/types\/post"}],"author":[{"embeddable":true,"href":"https:\/\/infrawatt.ch\/fr\/wp-json\/wp\/v2\/users\/2"}],"replies":[{"embeddable":true,"href":"https:\/\/infrawatt.ch\/fr\/wp-json\/wp\/v2\/comments?post=4207"}],"version-history":[{"count":4,"href":"https:\/\/infrawatt.ch\/fr\/wp-json\/wp\/v2\/posts\/4207\/revisions"}],"predecessor-version":[{"id":4235,"href":"https:\/\/infrawatt.ch\/fr\/wp-json\/wp\/v2\/posts\/4207\/revisions\/4235"}],"wp:featuredmedia":[{"embeddable":true,"href":"https:\/\/infrawatt.ch\/fr\/wp-json\/wp\/v2\/media\/4019"}],"wp:attachment":[{"href":"https:\/\/infrawatt.ch\/fr\/wp-json\/wp\/v2\/media?parent=4207"}],"wp:term":[{"taxonomy":"category","embeddable":true,"href":"https:\/\/infrawatt.ch\/fr\/wp-json\/wp\/v2\/categories?post=4207"},{"taxonomy":"post_tag","embeddable":true,"href":"https:\/\/infrawatt.ch\/fr\/wp-json\/wp\/v2\/tags?post=4207"}],"curies":[{"name":"wp","href":"https:\/\/api.w.org\/{rel}","templated":true}]}}