{"id":4266,"date":"2023-10-18T13:57:14","date_gmt":"2023-10-18T13:57:14","guid":{"rendered":"https:\/\/infrawatt.ch\/?p=4266"},"modified":"2023-12-08T13:18:21","modified_gmt":"2023-12-08T13:18:21","slug":"evenement-membres-infrawatt-2023","status":"publish","type":"post","link":"https:\/\/infrawatt.ch\/fr\/evenement-membres-infrawatt-2023\/","title":{"rendered":"Ev\u00e9nement membres InfraWatt 2023"},"content":{"rendered":"<p>Notre \u00e9v\u00e9nement 2023 pour les membres a eu lieu d\u00e9but octobre et a commenc\u00e9 par un apr\u00e8s-midi int\u00e9ressant \u00e0 Bienne, \u00e0 l&rsquo;usine de production d&rsquo;eau du lac, avec l&rsquo;\u00e9quipe tr\u00e8s engag\u00e9e <a href=\"https:\/\/www.esb.ch\/fr\/\" target=\"_blank\" rel=\"noopener\">d&rsquo;Energie Service Biel\/Bienne.<\/a><\/p>\n<p>L&rsquo;usine d&rsquo;eau du lac d&rsquo;Ipsach a remport\u00e9 notre <a href=\"https:\/\/infrawatt.ch\/fr\/energie-service-biel-bienne-recoit-le-prix-de-linnovation-2023-dans-le-domaine-de-leau-potable\/\" target=\"_blank\" rel=\"noopener\">prix de l&rsquo;innovation 2023<\/a> avec son projet.<\/p>\n<p>Apr\u00e8s une r\u00e9trospective de l&rsquo;histoire de la correction des eaux du Jura et un ap\u00e9ritif, nous avons m\u00eame pu jeter un coup d&rsquo;\u0153il sur les caniveaux de douche avec r\u00e9cup\u00e9ration de chaleur de l&rsquo;entreprise <a href=\"https:\/\/joulia.com\/fr\/\" target=\"_blank\" rel=\"noopener\">Joulia SA<\/a>. Un programme complet et int\u00e9ressant.<\/p>\n<p>Nous remercions tous les participants et nous r\u00e9jouissons d&rsquo;organiser de nouveaux \u00e9v\u00e9nements passionnantes !<\/p>\n","protected":false},"excerpt":{"rendered":"<p>Notre \u00e9v\u00e9nement 2023 pour les membres a eu lieu d\u00e9but octobre et a commenc\u00e9 par un apr\u00e8s-midi int\u00e9ressant \u00e0 Bienne, \u00e0 l&rsquo;usine de production d&rsquo;eau du lac, avec l&rsquo;\u00e9quipe tr\u00e8s engag\u00e9e d&rsquo;Energie Service Biel\/Bienne. L&rsquo;usine d&rsquo;eau du lac d&rsquo;Ipsach a remport\u00e9 notre prix de l&rsquo;innovation 2023 avec son projet. Apr\u00e8s une r\u00e9trospective de l&rsquo;histoire de [&#8230;]<\/p>\n<p><a class=\"btn btn-secondary understrap-read-more-link\" href=\"https:\/\/infrawatt.ch\/fr\/evenement-membres-infrawatt-2023\/\">Lire la suite\u2026<span class=\"screen-reader-text\"> from Ev\u00e9nement membres InfraWatt 2023<\/span><\/a><\/p>\n","protected":false},"author":9,"featured_media":4268,"comment_status":"open","ping_status":"open","sticky":false,"template":"","format":"standard","meta":{"_acf_changed":false,"footnotes":""},"categories":[62,92,96,97],"tags":[],"class_list":["post-4266","post","type-post","status-publish","format-standard","has-post-thumbnail","hentry","category-eaux-potables-fr","category-mailchimp-fr","category-specifique-infrawatt-fr","category-trinkwasser-fr"],"acf":[],"_links":{"self":[{"href":"https:\/\/infrawatt.ch\/fr\/wp-json\/wp\/v2\/posts\/4266","targetHints":{"allow":["GET"]}}],"collection":[{"href":"https:\/\/infrawatt.ch\/fr\/wp-json\/wp\/v2\/posts"}],"about":[{"href":"https:\/\/infrawatt.ch\/fr\/wp-json\/wp\/v2\/types\/post"}],"author":[{"embeddable":true,"href":"https:\/\/infrawatt.ch\/fr\/wp-json\/wp\/v2\/users\/9"}],"replies":[{"embeddable":true,"href":"https:\/\/infrawatt.ch\/fr\/wp-json\/wp\/v2\/comments?post=4266"}],"version-history":[{"count":12,"href":"https:\/\/infrawatt.ch\/fr\/wp-json\/wp\/v2\/posts\/4266\/revisions"}],"predecessor-version":[{"id":4347,"href":"https:\/\/infrawatt.ch\/fr\/wp-json\/wp\/v2\/posts\/4266\/revisions\/4347"}],"wp:featuredmedia":[{"embeddable":true,"href":"https:\/\/infrawatt.ch\/fr\/wp-json\/wp\/v2\/media\/4268"}],"wp:attachment":[{"href":"https:\/\/infrawatt.ch\/fr\/wp-json\/wp\/v2\/media?parent=4266"}],"wp:term":[{"taxonomy":"category","embeddable":true,"href":"https:\/\/infrawatt.ch\/fr\/wp-json\/wp\/v2\/categories?post=4266"},{"taxonomy":"post_tag","embeddable":true,"href":"https:\/\/infrawatt.ch\/fr\/wp-json\/wp\/v2\/tags?post=4266"}],"curies":[{"name":"wp","href":"https:\/\/api.w.org\/{rel}","templated":true}]}}