{"id":4510,"date":"2023-12-05T08:55:13","date_gmt":"2023-12-05T08:55:13","guid":{"rendered":"https:\/\/infrawatt.ch\/?p=4510"},"modified":"2023-12-08T14:04:18","modified_gmt":"2023-12-08T14:04:18","slug":"la-ville-de-winterthur-veut-utiliser-le-traitement-des-fumees-pour-le-chauffage-urbain","status":"publish","type":"post","link":"https:\/\/infrawatt.ch\/fr\/la-ville-de-winterthur-veut-utiliser-le-traitement-des-fumees-pour-le-chauffage-urbain\/","title":{"rendered":"La ville de Winterthur veut utiliser le traitement des fum\u00e9es pour le chauffage urbain"},"content":{"rendered":"\r\n<p>La ligne d&rsquo;incin\u00e9ration 2 de l&rsquo;usine d&rsquo;incin\u00e9ration des ordures m\u00e9nag\u00e8res de la <a href=\"http:\/\/www.stadtwerk.winterthur.ch\" target=\"_blank\" rel=\"noopener\">ville de Winterthur<\/a> arrive au terme de sa dur\u00e9e de vie technique. Selon un <a href=\"https:\/\/stadtwerk.winterthur.ch\/privatkundschaft\/medien\/ftw-news-newslistingblock\/stadt_news?url=https:\/\/stadt.winterthur.ch\/gemeinde\/verwaltung\/stadtkanzlei\/kommunikation-stadt-winterthur\/medienmitteilungen-stadt-winterthur\/kredit-fuer-den-ersatz-der-verbrennungslinie-2-der-winterthurer-kva-sowie-energetische-und-oekologische-verbesserungen\" target=\"_blank\" rel=\"noopener\">communiqu\u00e9<\/a>, le conseil municipal demande donc au parlement un cr\u00e9dit de 293 millions de francs pour la r\u00e9novation de l&rsquo;installation construite en 1993. Celui-ci est pr\u00e9vu pour un nouveau four d&rsquo;incin\u00e9ration, un \u00e9lectrofiltre ainsi qu&rsquo;une nouvelle \u00e9puration des gaz de fum\u00e9e et un nouveau traitement des eaux us\u00e9es. La nouvelle installation doit pouvoir incin\u00e9rer 190 000 tonnes de d\u00e9chets par an tout en conservant la m\u00eame capacit\u00e9. Mais \u00e0 l&rsquo;avenir, la chaleur r\u00e9siduelle de l&rsquo;\u00e9puration des gaz de fum\u00e9e devrait pouvoir \u00eatre utilis\u00e9e pour le chauffage urbain. La puissance thermique de ce dernier augmentera ainsi de 30 pour cent. En outre, l&rsquo;\u00e9puration des gaz de fum\u00e9e devrait \u00e0 l&rsquo;avenir \u00eatre inf\u00e9rieure de 40 pour cent \u00e0 la valeur limite des \u00e9missions d&rsquo;oxyde d&rsquo;azote et permettre d&rsquo;\u00e9conomiser 12,6 m\u00e8tres cubes d&rsquo;eau gr\u00e2ce \u00e0 la condensation des gaz de fum\u00e9e. Le nouveau traitement des eaux us\u00e9es devrait \u00e0 l&rsquo;avenir permettre de r\u00e9cup\u00e9rer jusqu&rsquo;\u00e0 7,5 tonnes de gypse par jour. Un r\u00e9servoir d&rsquo;eau chaude suppl\u00e9mentaire et une installation photovolta\u00efque sont \u00e9galement pr\u00e9vus. Le projet est financ\u00e9 par le budget des taxes. Les \u00e9lecteurs de Winterthur voteront sur le cr\u00e9dit en 2024.<\/p>\r\n<p class=\"bodytext\"><\/p>","protected":false},"excerpt":{"rendered":"<p>La ligne d&rsquo;incin\u00e9ration 2 de l&rsquo;usine d&rsquo;incin\u00e9ration des ordures m\u00e9nag\u00e8res de la ville de Winterthur arrive au terme de sa dur\u00e9e de vie technique. Selon un communiqu\u00e9, le conseil municipal demande donc au parlement un cr\u00e9dit de 293 millions de francs pour la r\u00e9novation de l&rsquo;installation construite en 1993. Celui-ci est pr\u00e9vu pour un nouveau [&#8230;]<\/p>\n<p><a class=\"btn btn-secondary understrap-read-more-link\" href=\"https:\/\/infrawatt.ch\/fr\/la-ville-de-winterthur-veut-utiliser-le-traitement-des-fumees-pour-le-chauffage-urbain\/\">Lire la suite\u2026<span class=\"screen-reader-text\"> from La ville de Winterthur veut utiliser le traitement des fum\u00e9es pour le chauffage urbain<\/span><\/a><\/p>\n","protected":false},"author":9,"featured_media":4475,"comment_status":"open","ping_status":"open","sticky":false,"template":"","format":"standard","meta":{"_acf_changed":false,"footnotes":""},"categories":[93,94,61,67,65,92,16],"tags":[],"class_list":["post-4510","post","type-post","status-publish","format-standard","has-post-thumbnail","hentry","category-abfall-fr","category-abwaerme-fr","category-actualites-fr","category-chaleur-residuelle-fr","category-dechets-fr","category-mailchimp-fr","category-non-classifiee"],"acf":[],"_links":{"self":[{"href":"https:\/\/infrawatt.ch\/fr\/wp-json\/wp\/v2\/posts\/4510","targetHints":{"allow":["GET"]}}],"collection":[{"href":"https:\/\/infrawatt.ch\/fr\/wp-json\/wp\/v2\/posts"}],"about":[{"href":"https:\/\/infrawatt.ch\/fr\/wp-json\/wp\/v2\/types\/post"}],"author":[{"embeddable":true,"href":"https:\/\/infrawatt.ch\/fr\/wp-json\/wp\/v2\/users\/9"}],"replies":[{"embeddable":true,"href":"https:\/\/infrawatt.ch\/fr\/wp-json\/wp\/v2\/comments?post=4510"}],"version-history":[{"count":5,"href":"https:\/\/infrawatt.ch\/fr\/wp-json\/wp\/v2\/posts\/4510\/revisions"}],"predecessor-version":[{"id":4515,"href":"https:\/\/infrawatt.ch\/fr\/wp-json\/wp\/v2\/posts\/4510\/revisions\/4515"}],"wp:featuredmedia":[{"embeddable":true,"href":"https:\/\/infrawatt.ch\/fr\/wp-json\/wp\/v2\/media\/4475"}],"wp:attachment":[{"href":"https:\/\/infrawatt.ch\/fr\/wp-json\/wp\/v2\/media?parent=4510"}],"wp:term":[{"taxonomy":"category","embeddable":true,"href":"https:\/\/infrawatt.ch\/fr\/wp-json\/wp\/v2\/categories?post=4510"},{"taxonomy":"post_tag","embeddable":true,"href":"https:\/\/infrawatt.ch\/fr\/wp-json\/wp\/v2\/tags?post=4510"}],"curies":[{"name":"wp","href":"https:\/\/api.w.org\/{rel}","templated":true}]}}