{"id":4516,"date":"2023-12-08T14:09:29","date_gmt":"2023-12-08T14:09:29","guid":{"rendered":"https:\/\/infrawatt.ch\/?p=4516"},"modified":"2023-12-08T14:09:29","modified_gmt":"2023-12-08T14:09:29","slug":"le-reseau-de-chauffage-a-distance-de-saint-gall-setend","status":"publish","type":"post","link":"https:\/\/infrawatt.ch\/fr\/le-reseau-de-chauffage-a-distance-de-saint-gall-setend\/","title":{"rendered":"Le r\u00e9seau de chauffage \u00e0 distance de Saint-Gall s&rsquo;\u00e9tend"},"content":{"rendered":"\r\n<p>Le r\u00e9seau de chauffage urbain de Saint-Gall va \u00eatre \u00e9tendu. Lors d&rsquo;une votation le 19 novembre, 86,6% des participants se sont prononc\u00e9s en faveur de la poursuite de l&rsquo;extension du chauffage \u00e0 distance, informe la <a href=\"https:\/\/www.stadt.sg.ch\/home.html\" target=\"_blank\" rel=\"noopener\">municipalit\u00e9 de Saint-Gall<\/a> dans un <a href=\"https:\/\/www.stadt.sg.ch\/news\/stsg_medienmitteilungen\/2023\/11\/deutliches-ja-zur-fernwaerme.html\" target=\"_blank\" rel=\"noopener\">communiqu\u00e9<\/a>. \u00ab\u00a0Le conseil municipal se r\u00e9jouit de ce r\u00e9sultat clair et du mandat qui lui a \u00e9t\u00e9 donn\u00e9 de s&rsquo;attaquer aux deux derni\u00e8res phases d&rsquo;extension du r\u00e9seau de chauffage urbain de la ville\u00a0\u00bb, peut-on y lire.<\/p>\r\n<p>Apr\u00e8s la d\u00e9cision positive des votants, les <a href=\"https:\/\/www.sgsw.ch\/\" target=\"_blank\" rel=\"noopener\">services municipaux de Saint-Gall<\/a> peuvent d\u00e9sormais s&rsquo;attaquer aux phases 3 et 4 d&rsquo;extension du r\u00e9seau de chauffage urbain. Au terme de son extension, il devrait pouvoir couvrir environ la moiti\u00e9 des besoins en chaleur de Saint-Gall. L&rsquo;extension du chauffage urbain fait partie des mesures permettant \u00e0 la ville d&rsquo;atteindre son objectif net z\u00e9ro fix\u00e9 dans le r\u00e8glement communal. Il contribue en outre \u00e0 la mise en \u0153uvre du concept \u00e9nerg\u00e9tique 2050 de la ville.<\/p>\r\n","protected":false},"excerpt":{"rendered":"<p>Le r\u00e9seau de chauffage urbain de Saint-Gall va \u00eatre \u00e9tendu. Lors d&rsquo;une votation le 19 novembre, 86,6% des participants se sont prononc\u00e9s en faveur de la poursuite de l&rsquo;extension du chauffage \u00e0 distance, informe la municipalit\u00e9 de Saint-Gall dans un communiqu\u00e9. \u00ab\u00a0Le conseil municipal se r\u00e9jouit de ce r\u00e9sultat clair et du mandat qui lui [&#8230;]<\/p>\n<p><a class=\"btn btn-secondary understrap-read-more-link\" href=\"https:\/\/infrawatt.ch\/fr\/le-reseau-de-chauffage-a-distance-de-saint-gall-setend\/\">Lire la suite\u2026<span class=\"screen-reader-text\"> from Le r\u00e9seau de chauffage \u00e0 distance de Saint-Gall s&rsquo;\u00e9tend<\/span><\/a><\/p>\n","protected":false},"author":9,"featured_media":4462,"comment_status":"open","ping_status":"open","sticky":false,"template":"","format":"standard","meta":{"_acf_changed":false,"footnotes":""},"categories":[16],"tags":[],"class_list":["post-4516","post","type-post","status-publish","format-standard","has-post-thumbnail","hentry","category-non-classifiee"],"acf":[],"_links":{"self":[{"href":"https:\/\/infrawatt.ch\/fr\/wp-json\/wp\/v2\/posts\/4516","targetHints":{"allow":["GET"]}}],"collection":[{"href":"https:\/\/infrawatt.ch\/fr\/wp-json\/wp\/v2\/posts"}],"about":[{"href":"https:\/\/infrawatt.ch\/fr\/wp-json\/wp\/v2\/types\/post"}],"author":[{"embeddable":true,"href":"https:\/\/infrawatt.ch\/fr\/wp-json\/wp\/v2\/users\/9"}],"replies":[{"embeddable":true,"href":"https:\/\/infrawatt.ch\/fr\/wp-json\/wp\/v2\/comments?post=4516"}],"version-history":[{"count":1,"href":"https:\/\/infrawatt.ch\/fr\/wp-json\/wp\/v2\/posts\/4516\/revisions"}],"predecessor-version":[{"id":4517,"href":"https:\/\/infrawatt.ch\/fr\/wp-json\/wp\/v2\/posts\/4516\/revisions\/4517"}],"wp:featuredmedia":[{"embeddable":true,"href":"https:\/\/infrawatt.ch\/fr\/wp-json\/wp\/v2\/media\/4462"}],"wp:attachment":[{"href":"https:\/\/infrawatt.ch\/fr\/wp-json\/wp\/v2\/media?parent=4516"}],"wp:term":[{"taxonomy":"category","embeddable":true,"href":"https:\/\/infrawatt.ch\/fr\/wp-json\/wp\/v2\/categories?post=4516"},{"taxonomy":"post_tag","embeddable":true,"href":"https:\/\/infrawatt.ch\/fr\/wp-json\/wp\/v2\/tags?post=4516"}],"curies":[{"name":"wp","href":"https:\/\/api.w.org\/{rel}","templated":true}]}}