{"id":4530,"date":"2023-12-08T15:35:08","date_gmt":"2023-12-08T15:35:08","guid":{"rendered":"https:\/\/infrawatt.ch\/?p=4530"},"modified":"2023-12-08T15:35:08","modified_gmt":"2023-12-08T15:35:08","slug":"renercon-dirige-lavant-projet-pour-lutilisation-de-la-chaleur-residuelle-a-beringen","status":"publish","type":"post","link":"https:\/\/infrawatt.ch\/fr\/renercon-dirige-lavant-projet-pour-lutilisation-de-la-chaleur-residuelle-a-beringen\/","title":{"rendered":"Renercon dirige l&rsquo;avant-projet pour l&rsquo;utilisation de la chaleur r\u00e9siduelle \u00e0 Beringen"},"content":{"rendered":"<p><\/p>\r\n<p><a href=\"https:\/\/www.stackinfra.com\/\" target=\"_blank\" rel=\"noopener\">Stack Infrastructure Switzerland SA<\/a> construira un centre de donn\u00e9es \u00e0 Beringen d&rsquo;ici 2025. La filiale suisse du sp\u00e9cialiste mondial des grands centres de donn\u00e9es, le canton et la commune veulent utiliser la chaleur r\u00e9siduelle pour les r\u00e9seaux de chauffage \u00e0 distance de la r\u00e9gion. L&rsquo;entreprise d&rsquo;ing\u00e9nierie zurichoise <a href=\"https:\/\/amstein-walthert.ch\/fr\/\" target=\"_blank\" rel=\"noopener\">Amstein + Walthert<\/a> avait pr\u00e9sent\u00e9 en mars une <a href=\"https:\/\/sh.ch\/CMS\/get\/file\/a4934dbf-b6ec-47ae-91b3-c599e82547eb\" target=\"_blank\" rel=\"noopener\">\u00e9tude de faisabilit\u00e9<\/a> \u00e0 ce sujet, sur mandat du d\u00e9partement des travaux publics de Schaffhouse.<\/p>\r\n<p>Selon un <a href=\"https:\/\/sh.ch\/CMS\/Webseite\/Kanton-Schaffhausen\/Beh-rde\/Regierung\/Staatskanzlei-13951066-DE.html\" target=\"_blank\" rel=\"noopener\">communiqu\u00e9<\/a> du canton, un groupe de projet a \u00e9t\u00e9 constitu\u00e9 sous la coordination de la <a href=\"https:\/\/standort.sh.ch\/\" target=\"_blank\" rel=\"noopener\">promotion \u00e9conomique de Schaffhouse<\/a> pour \u00e9laborer un avant-projet. Le groupe est dirig\u00e9 par <a href=\"https:\/\/www.renercon.ch\/\" target=\"_blank\" rel=\"noopener\">Renercon<\/a>, une coop\u00e9rative pour les \u00e9nergies renouvelables dont le si\u00e8ge est \u00e0 Knonau. En font \u00e9galement partie les prestataires de services \u00e9nerg\u00e9tiques r\u00e9gionaux <a href=\"https:\/\/eks.ch\/\" target=\"_blank\" rel=\"noopener\">EKS,<\/a> Holzenergie Beringen et <a href=\"https:\/\/www.shpower.ch\/\" target=\"_blank\" rel=\"noopener\">SH Power<\/a> ainsi que Stack Infrastructure en tant que propri\u00e9taire foncier.<\/p>\r\n<p>Le groupe de projet doit pr\u00e9senter d&rsquo;ici fin 2024 les bases d&rsquo;un projet pouvant faire l&rsquo;objet d&rsquo;un appel d&rsquo;offres et d&rsquo;un investissement. Il s&rsquo;agit entre autres d&rsquo;un hub \u00e9nerg\u00e9tique qui distribue la chaleur r\u00e9siduelle dans les r\u00e9seaux de chaleur de la r\u00e9gion. Le groupe doit \u00e9galement examiner si ce hub peut \u00eatre utilis\u00e9 pour le stockage saisonnier de l&rsquo;\u00e9nergie.<\/p>\r\n","protected":false},"excerpt":{"rendered":"<p>Stack Infrastructure Switzerland SA construira un centre de donn\u00e9es \u00e0 Beringen d&rsquo;ici 2025. La filiale suisse du sp\u00e9cialiste mondial des grands centres de donn\u00e9es, le canton et la commune veulent utiliser la chaleur r\u00e9siduelle pour les r\u00e9seaux de chauffage \u00e0 distance de la r\u00e9gion. L&rsquo;entreprise d&rsquo;ing\u00e9nierie zurichoise Amstein + Walthert avait pr\u00e9sent\u00e9 en mars une [&#8230;]<\/p>\n<p><a class=\"btn btn-secondary understrap-read-more-link\" href=\"https:\/\/infrawatt.ch\/fr\/renercon-dirige-lavant-projet-pour-lutilisation-de-la-chaleur-residuelle-a-beringen\/\">Lire la suite\u2026<span class=\"screen-reader-text\"> from Renercon dirige l&rsquo;avant-projet pour l&rsquo;utilisation de la chaleur r\u00e9siduelle \u00e0 Beringen<\/span><\/a><\/p>\n","protected":false},"author":9,"featured_media":4526,"comment_status":"open","ping_status":"open","sticky":false,"template":"","format":"standard","meta":{"_acf_changed":false,"footnotes":""},"categories":[94,67,92],"tags":[],"class_list":["post-4530","post","type-post","status-publish","format-standard","has-post-thumbnail","hentry","category-abwaerme-fr","category-chaleur-residuelle-fr","category-mailchimp-fr"],"acf":[],"_links":{"self":[{"href":"https:\/\/infrawatt.ch\/fr\/wp-json\/wp\/v2\/posts\/4530","targetHints":{"allow":["GET"]}}],"collection":[{"href":"https:\/\/infrawatt.ch\/fr\/wp-json\/wp\/v2\/posts"}],"about":[{"href":"https:\/\/infrawatt.ch\/fr\/wp-json\/wp\/v2\/types\/post"}],"author":[{"embeddable":true,"href":"https:\/\/infrawatt.ch\/fr\/wp-json\/wp\/v2\/users\/9"}],"replies":[{"embeddable":true,"href":"https:\/\/infrawatt.ch\/fr\/wp-json\/wp\/v2\/comments?post=4530"}],"version-history":[{"count":1,"href":"https:\/\/infrawatt.ch\/fr\/wp-json\/wp\/v2\/posts\/4530\/revisions"}],"predecessor-version":[{"id":4534,"href":"https:\/\/infrawatt.ch\/fr\/wp-json\/wp\/v2\/posts\/4530\/revisions\/4534"}],"wp:featuredmedia":[{"embeddable":true,"href":"https:\/\/infrawatt.ch\/fr\/wp-json\/wp\/v2\/media\/4526"}],"wp:attachment":[{"href":"https:\/\/infrawatt.ch\/fr\/wp-json\/wp\/v2\/media?parent=4530"}],"wp:term":[{"taxonomy":"category","embeddable":true,"href":"https:\/\/infrawatt.ch\/fr\/wp-json\/wp\/v2\/categories?post=4530"},{"taxonomy":"post_tag","embeddable":true,"href":"https:\/\/infrawatt.ch\/fr\/wp-json\/wp\/v2\/tags?post=4530"}],"curies":[{"name":"wp","href":"https:\/\/api.w.org\/{rel}","templated":true}]}}