{"id":4539,"date":"2023-12-08T16:14:09","date_gmt":"2023-12-08T16:14:09","guid":{"rendered":"https:\/\/infrawatt.ch\/?p=4539"},"modified":"2024-02-02T08:55:36","modified_gmt":"2024-02-02T08:55:36","slug":"aqua-pro-atelier-sur-lenergie-grise-dans-les-steps","status":"publish","type":"post","link":"https:\/\/infrawatt.ch\/fr\/aqua-pro-atelier-sur-lenergie-grise-dans-les-steps\/","title":{"rendered":"Aqua Pro &#8211; atelier sur l&rsquo;\u00e9nergie grise dans les STEPs"},"content":{"rendered":"<p>InfraWatt participera au <a href=\"https:\/\/www.aqua-pro.ch\/fr\/\">salon Aqua Pro<\/a> et propose, le <strong>jeudi 8 f\u00e9vrier \u00e0 14h<\/strong>, un atelier participatif sur le th\u00e8me de l&rsquo;\u00e9nergie grise due \u00e0 la construction des bassins dans les STEP. Sur la base de quelques exemples concrets, l&rsquo;objectif est de discuter de l&rsquo;impact de ces \u00e9missions indirectes dues \u00e0 la construction des ouvrages et les m\u00e9thodologies disponibles pour l&rsquo;\u00e9valuer ainsi que les mesures possibles pour les r\u00e9duire et leur efficacit\u00e9. Un \u00e9change d&rsquo;exp\u00e9rience concret entre acteurs de la branche (exploitants, fournisseurs d\u2019\u00e9quipement et bureaux d\u2019ing\u00e9nieurs) pour vous permettre d&rsquo;int\u00e9grer cette th\u00e9matique a vos futurs projets et de b\u00e9n\u00e9ficier de retours d&rsquo;exp\u00e9rience concrets.<\/p>\n<p>A la suite de cette discussion, un \u00e9tat des lieux r\u00e9capitulatif de la situation pour la branche sera \u00e9tabli et partag\u00e9 au sein de la branche. Nous nous r\u00e9jouissons de chaque participant, venant apporter son retour d&rsquo;exp\u00e9rience ou simplement int\u00e9ress\u00e9 \u00e0 entendre ceux des autres.<\/p>\n<p>L&rsquo;atelier aura lieu en fran\u00e7ais dans la salle 231 au 2\u00e8me \u00e9tage.<\/p>\n<p>Pour des raisons organisationnelles, nous vous demandons de vous inscrire via <a href=\"mailto:info@infrawatt.ch\">info@infrawatt.ch<\/a><\/p>\n<p><img loading=\"lazy\" decoding=\"async\" class=\"alignnone size-medium wp-image-4721\" src=\"https:\/\/infrawatt.ch\/wp-content\/uploads\/2023\/12\/AquaPro_logo_RVB-300x165.png\" alt=\"\" width=\"300\" height=\"165\" srcset=\"https:\/\/infrawatt.ch\/wp-content\/uploads\/2023\/12\/AquaPro_logo_RVB-300x165.png 300w, https:\/\/infrawatt.ch\/wp-content\/uploads\/2023\/12\/AquaPro_logo_RVB-1024x562.png 1024w, https:\/\/infrawatt.ch\/wp-content\/uploads\/2023\/12\/AquaPro_logo_RVB-768x422.png 768w, https:\/\/infrawatt.ch\/wp-content\/uploads\/2023\/12\/AquaPro_logo_RVB-1536x843.png 1536w, https:\/\/infrawatt.ch\/wp-content\/uploads\/2023\/12\/AquaPro_logo_RVB-2048x1124.png 2048w\" sizes=\"auto, (max-width: 300px) 100vw, 300px\" \/><\/p>\n","protected":false},"excerpt":{"rendered":"<p>InfraWatt participera au salon Aqua Pro et propose, le jeudi 8 f\u00e9vrier \u00e0 14h, un atelier participatif sur le th\u00e8me de l&rsquo;\u00e9nergie grise due \u00e0 la construction des bassins dans les STEP. Sur la base de quelques exemples concrets, l&rsquo;objectif est de discuter de l&rsquo;impact de ces \u00e9missions indirectes dues \u00e0 la construction des ouvrages [&#8230;]<\/p>\n<p><a class=\"btn btn-secondary understrap-read-more-link\" href=\"https:\/\/infrawatt.ch\/fr\/aqua-pro-atelier-sur-lenergie-grise-dans-les-steps\/\">Lire la suite\u2026<span class=\"screen-reader-text\"> from Aqua Pro &#8211; atelier sur l&rsquo;\u00e9nergie grise dans les STEPs<\/span><\/a><\/p>\n","protected":false},"author":2,"featured_media":1120,"comment_status":"open","ping_status":"open","sticky":false,"template":"","format":"standard","meta":{"_acf_changed":false,"footnotes":""},"categories":[95,61,66,92],"tags":[],"class_list":["post-4539","post","type-post","status-publish","format-standard","has-post-thumbnail","hentry","category-abwasser-fr","category-actualites-fr","category-eaux-usees-fr","category-mailchimp-fr"],"acf":[],"_links":{"self":[{"href":"https:\/\/infrawatt.ch\/fr\/wp-json\/wp\/v2\/posts\/4539","targetHints":{"allow":["GET"]}}],"collection":[{"href":"https:\/\/infrawatt.ch\/fr\/wp-json\/wp\/v2\/posts"}],"about":[{"href":"https:\/\/infrawatt.ch\/fr\/wp-json\/wp\/v2\/types\/post"}],"author":[{"embeddable":true,"href":"https:\/\/infrawatt.ch\/fr\/wp-json\/wp\/v2\/users\/2"}],"replies":[{"embeddable":true,"href":"https:\/\/infrawatt.ch\/fr\/wp-json\/wp\/v2\/comments?post=4539"}],"version-history":[{"count":6,"href":"https:\/\/infrawatt.ch\/fr\/wp-json\/wp\/v2\/posts\/4539\/revisions"}],"predecessor-version":[{"id":4785,"href":"https:\/\/infrawatt.ch\/fr\/wp-json\/wp\/v2\/posts\/4539\/revisions\/4785"}],"wp:featuredmedia":[{"embeddable":true,"href":"https:\/\/infrawatt.ch\/fr\/wp-json\/wp\/v2\/media\/1120"}],"wp:attachment":[{"href":"https:\/\/infrawatt.ch\/fr\/wp-json\/wp\/v2\/media?parent=4539"}],"wp:term":[{"taxonomy":"category","embeddable":true,"href":"https:\/\/infrawatt.ch\/fr\/wp-json\/wp\/v2\/categories?post=4539"},{"taxonomy":"post_tag","embeddable":true,"href":"https:\/\/infrawatt.ch\/fr\/wp-json\/wp\/v2\/tags?post=4539"}],"curies":[{"name":"wp","href":"https:\/\/api.w.org\/{rel}","templated":true}]}}