{"id":5571,"date":"2024-06-13T18:06:34","date_gmt":"2024-06-13T18:06:34","guid":{"rendered":"https:\/\/infrawatt.ch\/?p=5571"},"modified":"2024-06-21T08:03:47","modified_gmt":"2024-06-21T08:03:47","slug":"prix-special-infrawatt-pour-luvtd-linth","status":"publish","type":"post","link":"https:\/\/infrawatt.ch\/fr\/prix-special-infrawatt-pour-luvtd-linth\/","title":{"rendered":"Prix sp\u00e9cial InfraWatt pour l&rsquo;UVTD Linth"},"content":{"rendered":"<p>Lors de l&rsquo;Assembl\u00e9e g\u00e9n\u00e9rale d&rsquo;InfraWatt du 4 juin 2024, un prix sp\u00e9cial a \u00e9t\u00e9 d\u00e9cern\u00e9 au projet ambitieux et innovant de l&rsquo;UVTD Linth sur le th\u00e8me \u00ab\u00a0CCS: premi\u00e8re grande installation suisse de captage et de stockage \u00e0 long terme\u00a0\u00bb.<\/p>\n<p>Des informations plus d\u00e9taill\u00e9es sur le projet sont disponibles dans le communiqu\u00e9 de presse:<\/p>\n<p><a href=\"https:\/\/infrawatt.ch\/wp-content\/uploads\/2024\/06\/20240612_Communique-de-presse-InfraWatt-prix-special-UVTD-Linth.pdf\" target=\"_blank\" rel=\"noopener\">Communiqu\u00e9 de presse prix sp\u00e9cial UVTD Linth<\/a><\/p>\n<p>&nbsp;<\/p>\n<p><img loading=\"lazy\" decoding=\"async\" class=\"alignnone size-medium wp-image-5313\" src=\"https:\/\/infrawatt.ch\/wp-content\/uploads\/2024\/06\/KVA-Logo_cmyk-300x99.jpg\" alt=\"\" width=\"300\" height=\"99\" srcset=\"https:\/\/infrawatt.ch\/wp-content\/uploads\/2024\/06\/KVA-Logo_cmyk-300x99.jpg 300w, https:\/\/infrawatt.ch\/wp-content\/uploads\/2024\/06\/KVA-Logo_cmyk-1024x338.jpg 1024w, https:\/\/infrawatt.ch\/wp-content\/uploads\/2024\/06\/KVA-Logo_cmyk-768x254.jpg 768w, https:\/\/infrawatt.ch\/wp-content\/uploads\/2024\/06\/KVA-Logo_cmyk.jpg 1505w\" sizes=\"auto, (max-width: 300px) 100vw, 300px\" \/><\/p>\n<p>&nbsp;<\/p>\n<p>&nbsp;<\/p>\n<p><em>Image (depuis la gauche): Andres Kronenberg, Robin Quartier, Walter Furgler, Laure Deschaintre, Stefan M\u00fcller-Altermatt<\/em><\/p>\n","protected":false},"excerpt":{"rendered":"<p>Lors de l&rsquo;Assembl\u00e9e g\u00e9n\u00e9rale d&rsquo;InfraWatt du 4 juin 2024, un prix sp\u00e9cial a \u00e9t\u00e9 d\u00e9cern\u00e9 au projet ambitieux et innovant de l&rsquo;UVTD Linth sur le th\u00e8me \u00ab\u00a0CCS: premi\u00e8re grande installation suisse de captage et de stockage \u00e0 long terme\u00a0\u00bb. Des informations plus d\u00e9taill\u00e9es sur le projet sont disponibles dans le communiqu\u00e9 de presse: Communiqu\u00e9 de [&#8230;]<\/p>\n<p><a class=\"btn btn-secondary understrap-read-more-link\" href=\"https:\/\/infrawatt.ch\/fr\/prix-special-infrawatt-pour-luvtd-linth\/\">Lire la suite\u2026<span class=\"screen-reader-text\"> from Prix sp\u00e9cial InfraWatt pour l&rsquo;UVTD Linth<\/span><\/a><\/p>\n","protected":false},"author":9,"featured_media":5287,"comment_status":"open","ping_status":"open","sticky":false,"template":"","format":"standard","meta":{"_acf_changed":false,"footnotes":""},"categories":[93,61,65,92,96],"tags":[],"class_list":["post-5571","post","type-post","status-publish","format-standard","has-post-thumbnail","hentry","category-abfall-fr","category-actualites-fr","category-dechets-fr","category-mailchimp-fr","category-specifique-infrawatt-fr"],"acf":[],"_links":{"self":[{"href":"https:\/\/infrawatt.ch\/fr\/wp-json\/wp\/v2\/posts\/5571","targetHints":{"allow":["GET"]}}],"collection":[{"href":"https:\/\/infrawatt.ch\/fr\/wp-json\/wp\/v2\/posts"}],"about":[{"href":"https:\/\/infrawatt.ch\/fr\/wp-json\/wp\/v2\/types\/post"}],"author":[{"embeddable":true,"href":"https:\/\/infrawatt.ch\/fr\/wp-json\/wp\/v2\/users\/9"}],"replies":[{"embeddable":true,"href":"https:\/\/infrawatt.ch\/fr\/wp-json\/wp\/v2\/comments?post=5571"}],"version-history":[{"count":1,"href":"https:\/\/infrawatt.ch\/fr\/wp-json\/wp\/v2\/posts\/5571\/revisions"}],"predecessor-version":[{"id":5572,"href":"https:\/\/infrawatt.ch\/fr\/wp-json\/wp\/v2\/posts\/5571\/revisions\/5572"}],"wp:featuredmedia":[{"embeddable":true,"href":"https:\/\/infrawatt.ch\/fr\/wp-json\/wp\/v2\/media\/5287"}],"wp:attachment":[{"href":"https:\/\/infrawatt.ch\/fr\/wp-json\/wp\/v2\/media?parent=5571"}],"wp:term":[{"taxonomy":"category","embeddable":true,"href":"https:\/\/infrawatt.ch\/fr\/wp-json\/wp\/v2\/categories?post=5571"},{"taxonomy":"post_tag","embeddable":true,"href":"https:\/\/infrawatt.ch\/fr\/wp-json\/wp\/v2\/tags?post=5571"}],"curies":[{"name":"wp","href":"https:\/\/api.w.org\/{rel}","templated":true}]}}