{"id":5763,"date":"2024-07-24T06:57:13","date_gmt":"2024-07-24T06:57:13","guid":{"rendered":"https:\/\/infrawatt.ch\/?p=5763"},"modified":"2024-09-04T07:37:29","modified_gmt":"2024-09-04T07:37:29","slug":"les-stations-depuration-des-eaux-usees-actrices-de-la-protection-du-climat","status":"publish","type":"post","link":"https:\/\/infrawatt.ch\/fr\/les-stations-depuration-des-eaux-usees-actrices-de-la-protection-du-climat\/","title":{"rendered":"Les stations d\u2019\u00e9puration des eaux us\u00e9es, actrices de la protection du climat"},"content":{"rendered":"<p>Rendez-vous \u00e0 Altenrhein sur le lac de Constance pour comprendre par quels m\u00e9canismes les stations d\u2019\u00e9puration \u00e9mettent des gaz \u00e0 effet de serre nocifs et avec quelles mesures y rem\u00e9dier.<\/p>\n<p>Voici le lien vers l&rsquo;article complet de la Fondation pour la protection du climat et la compensation du CO\u2082 KliK sur la STEP d&rsquo;Altenrhein:<\/p>\n<p><a href=\"https:\/\/journal.klik.ch\/fr-ch\/klimaschutz-in-abwasserreinigungsanlagen\" target=\"_blank\" rel=\"noopener\">Article STEP Altenrhein<\/a><\/p>\n<p><img loading=\"lazy\" decoding=\"async\" class=\"alignnone size-medium wp-image-673\" src=\"https:\/\/infrawatt.ch\/wp-content\/uploads\/2022\/11\/KliK-deutsch-1520x270-1-300x53.jpg\" alt=\"\" width=\"300\" height=\"53\" srcset=\"https:\/\/infrawatt.ch\/wp-content\/uploads\/2022\/11\/KliK-deutsch-1520x270-1-300x53.jpg 300w, https:\/\/infrawatt.ch\/wp-content\/uploads\/2022\/11\/KliK-deutsch-1520x270-1-1024x182.jpg 1024w, https:\/\/infrawatt.ch\/wp-content\/uploads\/2022\/11\/KliK-deutsch-1520x270-1-768x136.jpg 768w, https:\/\/infrawatt.ch\/wp-content\/uploads\/2022\/11\/KliK-deutsch-1520x270-1.jpg 1520w\" sizes=\"auto, (max-width: 300px) 100vw, 300px\" \/><\/p>\n<p>&nbsp;<\/p>\n<p><em>Source: STEP Altenrhein<\/em><\/p>\n","protected":false},"excerpt":{"rendered":"<p>Rendez-vous \u00e0 Altenrhein sur le lac de Constance pour comprendre par quels m\u00e9canismes les stations d\u2019\u00e9puration \u00e9mettent des gaz \u00e0 effet de serre nocifs et avec quelles mesures y rem\u00e9dier. Voici le lien vers l&rsquo;article complet de la Fondation pour la protection du climat et la compensation du CO\u2082 KliK sur la STEP d&rsquo;Altenrhein: Article [&#8230;]<\/p>\n<p><a class=\"btn btn-secondary understrap-read-more-link\" href=\"https:\/\/infrawatt.ch\/fr\/les-stations-depuration-des-eaux-usees-actrices-de-la-protection-du-climat\/\">Lire la suite\u2026<span class=\"screen-reader-text\"> from Les stations d\u2019\u00e9puration des eaux us\u00e9es, actrices de la protection du climat<\/span><\/a><\/p>\n","protected":false},"author":9,"featured_media":2543,"comment_status":"open","ping_status":"open","sticky":false,"template":"","format":"standard","meta":{"_acf_changed":false,"footnotes":""},"categories":[61,67,37,64],"tags":[],"class_list":["post-5763","post","type-post","status-publish","format-standard","has-post-thumbnail","hentry","category-actualites-fr","category-chaleur-residuelle-fr","category-emissions-nocives-pour-le-climat-fr","category-mesures-fr"],"acf":[],"_links":{"self":[{"href":"https:\/\/infrawatt.ch\/fr\/wp-json\/wp\/v2\/posts\/5763","targetHints":{"allow":["GET"]}}],"collection":[{"href":"https:\/\/infrawatt.ch\/fr\/wp-json\/wp\/v2\/posts"}],"about":[{"href":"https:\/\/infrawatt.ch\/fr\/wp-json\/wp\/v2\/types\/post"}],"author":[{"embeddable":true,"href":"https:\/\/infrawatt.ch\/fr\/wp-json\/wp\/v2\/users\/9"}],"replies":[{"embeddable":true,"href":"https:\/\/infrawatt.ch\/fr\/wp-json\/wp\/v2\/comments?post=5763"}],"version-history":[{"count":9,"href":"https:\/\/infrawatt.ch\/fr\/wp-json\/wp\/v2\/posts\/5763\/revisions"}],"predecessor-version":[{"id":5861,"href":"https:\/\/infrawatt.ch\/fr\/wp-json\/wp\/v2\/posts\/5763\/revisions\/5861"}],"wp:featuredmedia":[{"embeddable":true,"href":"https:\/\/infrawatt.ch\/fr\/wp-json\/wp\/v2\/media\/2543"}],"wp:attachment":[{"href":"https:\/\/infrawatt.ch\/fr\/wp-json\/wp\/v2\/media?parent=5763"}],"wp:term":[{"taxonomy":"category","embeddable":true,"href":"https:\/\/infrawatt.ch\/fr\/wp-json\/wp\/v2\/categories?post=5763"},{"taxonomy":"post_tag","embeddable":true,"href":"https:\/\/infrawatt.ch\/fr\/wp-json\/wp\/v2\/tags?post=5763"}],"curies":[{"name":"wp","href":"https:\/\/api.w.org\/{rel}","templated":true}]}}