{"id":6761,"date":"2024-12-10T15:07:45","date_gmt":"2024-12-10T15:07:45","guid":{"rendered":"https:\/\/infrawatt.ch\/?p=6761"},"modified":"2024-12-10T15:33:50","modified_gmt":"2024-12-10T15:33:50","slug":"evenement-2024-pour-les-membres-infrawatt-visite-de-lara-bern","status":"publish","type":"post","link":"https:\/\/infrawatt.ch\/fr\/evenement-2024-pour-les-membres-infrawatt-visite-de-lara-bern\/","title":{"rendered":"Ev\u00e9nement 2024 pour les membres InfraWatt: visite de l&rsquo;ARA-Bern"},"content":{"rendered":"<p>Pour la premi\u00e8re fois aussi accessible aux non-membres, il a r\u00e9uni 44 participants pour une visite de l\u2019ARA-Berne, accompagn\u00e9e d\u2019une pr\u00e9sentation enrichissante d\u2019Adrian Schuler, son Directeur.<br \/>\nLes th\u00e8mes abord\u00e9s comprenaient :<\/p>\n<ul>\n<li>Le captage et la liqu\u00e9faction du CO\u2082 issu du biogaz, avec des applications dans le b\u00e9ton.<\/li>\n<li>La r\u00e9duction du protoxyde d\u2019azote gr\u00e2ce \u00e0 l\u2019<strong>Oxydation Thermique R\u00e9g\u00e9n\u00e9rative (RTO)<\/strong>.<\/li>\n<li>L\u2019injection de biogaz, la valorisation de biomasse et l\u2019utilisation de la chaleur des eaux us\u00e9es.<\/li>\n<\/ul>\n<p>Nous sommes ravis de l\u2019int\u00e9r\u00eat et des retours positifs exprim\u00e9s \u00e0 cette occasion.<\/p>\n<p><img loading=\"lazy\" decoding=\"async\" class=\"alignnone size-medium wp-image-6763\" src=\"https:\/\/infrawatt.ch\/wp-content\/uploads\/2024\/12\/IMG_7191-225x300.jpg\" alt=\"\" width=\"225\" height=\"300\" srcset=\"https:\/\/infrawatt.ch\/wp-content\/uploads\/2024\/12\/IMG_7191-225x300.jpg 225w, https:\/\/infrawatt.ch\/wp-content\/uploads\/2024\/12\/IMG_7191-768x1024.jpg 768w, https:\/\/infrawatt.ch\/wp-content\/uploads\/2024\/12\/IMG_7191-1152x1536.jpg 1152w, https:\/\/infrawatt.ch\/wp-content\/uploads\/2024\/12\/IMG_7191-1536x2048.jpg 1536w, https:\/\/infrawatt.ch\/wp-content\/uploads\/2024\/12\/IMG_7191-scaled.jpg 1920w\" sizes=\"auto, (max-width: 225px) 100vw, 225px\" \/> <img loading=\"lazy\" decoding=\"async\" class=\"alignnone size-medium wp-image-6762\" src=\"https:\/\/infrawatt.ch\/wp-content\/uploads\/2024\/12\/IMG_7196-300x225.jpg\" alt=\"\" width=\"300\" height=\"225\" srcset=\"https:\/\/infrawatt.ch\/wp-content\/uploads\/2024\/12\/IMG_7196-300x225.jpg 300w, https:\/\/infrawatt.ch\/wp-content\/uploads\/2024\/12\/IMG_7196-1024x768.jpg 1024w, https:\/\/infrawatt.ch\/wp-content\/uploads\/2024\/12\/IMG_7196-768x576.jpg 768w, https:\/\/infrawatt.ch\/wp-content\/uploads\/2024\/12\/IMG_7196-1536x1152.jpg 1536w, https:\/\/infrawatt.ch\/wp-content\/uploads\/2024\/12\/IMG_7196-2048x1536.jpg 2048w\" sizes=\"auto, (max-width: 300px) 100vw, 300px\" \/><\/p>\n<h6><em>Images: ARA-Bern<\/em><\/h6>\n","protected":false},"excerpt":{"rendered":"<p>Pour la premi\u00e8re fois aussi accessible aux non-membres, il a r\u00e9uni 44 participants pour une visite de l\u2019ARA-Berne, accompagn\u00e9e d\u2019une pr\u00e9sentation enrichissante d\u2019Adrian Schuler, son Directeur. Les th\u00e8mes abord\u00e9s comprenaient : Le captage et la liqu\u00e9faction du CO\u2082 issu du biogaz, avec des applications dans le b\u00e9ton. La r\u00e9duction du protoxyde d\u2019azote gr\u00e2ce \u00e0 l\u2019Oxydation [&#8230;]<\/p>\n<p><a class=\"btn btn-secondary understrap-read-more-link\" href=\"https:\/\/infrawatt.ch\/fr\/evenement-2024-pour-les-membres-infrawatt-visite-de-lara-bern\/\">Lire la suite\u2026<span class=\"screen-reader-text\"> from Ev\u00e9nement 2024 pour les membres InfraWatt: visite de l&rsquo;ARA-Bern<\/span><\/a><\/p>\n","protected":false},"author":9,"featured_media":6764,"comment_status":"open","ping_status":"open","sticky":false,"template":"","format":"standard","meta":{"_acf_changed":false,"footnotes":""},"categories":[66,92,96],"tags":[],"class_list":["post-6761","post","type-post","status-publish","format-standard","has-post-thumbnail","hentry","category-eaux-usees-fr","category-mailchimp-fr","category-specifique-infrawatt-fr"],"acf":[],"_links":{"self":[{"href":"https:\/\/infrawatt.ch\/fr\/wp-json\/wp\/v2\/posts\/6761","targetHints":{"allow":["GET"]}}],"collection":[{"href":"https:\/\/infrawatt.ch\/fr\/wp-json\/wp\/v2\/posts"}],"about":[{"href":"https:\/\/infrawatt.ch\/fr\/wp-json\/wp\/v2\/types\/post"}],"author":[{"embeddable":true,"href":"https:\/\/infrawatt.ch\/fr\/wp-json\/wp\/v2\/users\/9"}],"replies":[{"embeddable":true,"href":"https:\/\/infrawatt.ch\/fr\/wp-json\/wp\/v2\/comments?post=6761"}],"version-history":[{"count":3,"href":"https:\/\/infrawatt.ch\/fr\/wp-json\/wp\/v2\/posts\/6761\/revisions"}],"predecessor-version":[{"id":6773,"href":"https:\/\/infrawatt.ch\/fr\/wp-json\/wp\/v2\/posts\/6761\/revisions\/6773"}],"wp:featuredmedia":[{"embeddable":true,"href":"https:\/\/infrawatt.ch\/fr\/wp-json\/wp\/v2\/media\/6764"}],"wp:attachment":[{"href":"https:\/\/infrawatt.ch\/fr\/wp-json\/wp\/v2\/media?parent=6761"}],"wp:term":[{"taxonomy":"category","embeddable":true,"href":"https:\/\/infrawatt.ch\/fr\/wp-json\/wp\/v2\/categories?post=6761"},{"taxonomy":"post_tag","embeddable":true,"href":"https:\/\/infrawatt.ch\/fr\/wp-json\/wp\/v2\/tags?post=6761"}],"curies":[{"name":"wp","href":"https:\/\/api.w.org\/{rel}","templated":true}]}}