{"id":6777,"date":"2024-12-10T15:42:27","date_gmt":"2024-12-10T15:42:27","guid":{"rendered":"https:\/\/infrawatt.ch\/?p=6777"},"modified":"2025-08-14T05:21:45","modified_gmt":"2025-08-14T05:21:45","slug":"infrawatt-fetes-ses-15-ans-en-2025","status":"publish","type":"post","link":"https:\/\/infrawatt.ch\/fr\/infrawatt-fetes-ses-15-ans-en-2025\/","title":{"rendered":"InfraWatt f\u00eate ses 15 ans en 2025"},"content":{"rendered":"<p>2025 marque le <strong>15e anniversaire d\u2019InfraWatt<\/strong> !<\/p>\n<p>Plusieurs \u00e9v\u00e9nements ponctueront cette ann\u00e9e exceptionnelle :<\/p>\n<ul>\n<li><strong>un webinaire (25 mars, en allemand)<\/strong> sur le th\u00e8me de <a href=\"https:\/\/infrawatt.ch\/fr\/documents\/domaines-dexpertise\/chaleur-residuelle\/\" target=\"_blank\" rel=\"noopener\">l&rsquo;Utilisation de la chaleur r\u00e9siduelle<\/a>.<br \/>\nPlus d&rsquo;informations sous peu dans la rubrique <a href=\"https:\/\/infrawatt.ch\/fr\/evenements\/\" target=\"_blank\" rel=\"noopener\">\u00e9v\u00e9nements<\/a>.<\/li>\n<\/ul>\n<ul>\n<li><strong>l&rsquo;Assembl\u00e9e g\u00e9n\u00e9rale (3 juin, Suisse orientale, Arbon)<\/strong> : incluant une visite de STEP et des \u00e9changes avec le groupe de travail <a href=\"mailto:https:\/\/resnrjwater.nweurope.eu\/\">ResNRJWater<\/a><a href=\"mailto:https:\/\/resnrjwater.nweurope.eu\/\">,<\/a> li\u00e9 au projet europ\u00e9en sur la r\u00e9cup\u00e9ration d\u2019\u00e9nergie et de ressources dans l\u2019eau. Plus d\u2019informations sur ce projet europ\u00e9en sont disponibles <a href=\"https:\/\/infrawatt.ch\/fr\/projet-resnrjwater\/\">ici<\/a>.<\/li>\n<\/ul>\n<ul>\n<li><strong>Deux autres \u00e9v\u00e9nements sont pr\u00e9vus au 2\u1d49 semestre<\/strong> sur des th\u00e9matiques autour des <a href=\"https:\/\/infrawatt.ch\/fr\/documents\/domaines-dexpertise\/dechets\/\" target=\"_blank\" rel=\"noopener\">usines de valorisation thermique des d\u00e9chets<\/a> et de <a href=\"https:\/\/infrawatt.ch\/fr\/documents\/domaines-dexpertise\/eau-potable\/\" target=\"_blank\" rel=\"noopener\">l\u2019eau potable<\/a>. Le premier sera un Workshop \u00ab\u00a0eau potable\u00a0\u00bb le 15 septembre.<\/li>\n<\/ul>\n","protected":false},"excerpt":{"rendered":"<p>2025 marque le 15e anniversaire d\u2019InfraWatt ! Plusieurs \u00e9v\u00e9nements ponctueront cette ann\u00e9e exceptionnelle : un webinaire (25 mars, en allemand) sur le th\u00e8me de l&rsquo;Utilisation de la chaleur r\u00e9siduelle. Plus d&rsquo;informations sous peu dans la rubrique \u00e9v\u00e9nements. l&rsquo;Assembl\u00e9e g\u00e9n\u00e9rale (3 juin, Suisse orientale, Arbon) : incluant une visite de STEP et des \u00e9changes avec le [&#8230;]<\/p>\n<p><a class=\"btn btn-secondary understrap-read-more-link\" href=\"https:\/\/infrawatt.ch\/fr\/infrawatt-fetes-ses-15-ans-en-2025\/\">Lire la suite\u2026<span class=\"screen-reader-text\"> from InfraWatt f\u00eate ses 15 ans en 2025<\/span><\/a><\/p>\n","protected":false},"author":9,"featured_media":6776,"comment_status":"open","ping_status":"open","sticky":false,"template":"","format":"standard","meta":{"_acf_changed":false,"footnotes":""},"categories":[92,16,96],"tags":[],"class_list":["post-6777","post","type-post","status-publish","format-standard","has-post-thumbnail","hentry","category-mailchimp-fr","category-non-classifiee","category-specifique-infrawatt-fr"],"acf":[],"_links":{"self":[{"href":"https:\/\/infrawatt.ch\/fr\/wp-json\/wp\/v2\/posts\/6777","targetHints":{"allow":["GET"]}}],"collection":[{"href":"https:\/\/infrawatt.ch\/fr\/wp-json\/wp\/v2\/posts"}],"about":[{"href":"https:\/\/infrawatt.ch\/fr\/wp-json\/wp\/v2\/types\/post"}],"author":[{"embeddable":true,"href":"https:\/\/infrawatt.ch\/fr\/wp-json\/wp\/v2\/users\/9"}],"replies":[{"embeddable":true,"href":"https:\/\/infrawatt.ch\/fr\/wp-json\/wp\/v2\/comments?post=6777"}],"version-history":[{"count":12,"href":"https:\/\/infrawatt.ch\/fr\/wp-json\/wp\/v2\/posts\/6777\/revisions"}],"predecessor-version":[{"id":7803,"href":"https:\/\/infrawatt.ch\/fr\/wp-json\/wp\/v2\/posts\/6777\/revisions\/7803"}],"wp:featuredmedia":[{"embeddable":true,"href":"https:\/\/infrawatt.ch\/fr\/wp-json\/wp\/v2\/media\/6776"}],"wp:attachment":[{"href":"https:\/\/infrawatt.ch\/fr\/wp-json\/wp\/v2\/media?parent=6777"}],"wp:term":[{"taxonomy":"category","embeddable":true,"href":"https:\/\/infrawatt.ch\/fr\/wp-json\/wp\/v2\/categories?post=6777"},{"taxonomy":"post_tag","embeddable":true,"href":"https:\/\/infrawatt.ch\/fr\/wp-json\/wp\/v2\/tags?post=6777"}],"curies":[{"name":"wp","href":"https:\/\/api.w.org\/{rel}","templated":true}]}}