{"id":7655,"date":"2025-05-07T05:42:42","date_gmt":"2025-05-07T05:42:42","guid":{"rendered":"https:\/\/infrawatt.ch\/?p=7655"},"modified":"2025-05-07T05:42:42","modified_gmt":"2025-05-07T05:42:42","slug":"nouvelle-fiche-dinformation-de-lofev","status":"publish","type":"post","link":"https:\/\/infrawatt.ch\/fr\/nouvelle-fiche-dinformation-de-lofev\/","title":{"rendered":"Nouvelle fiche d&rsquo;information de l&rsquo;OFEV !"},"content":{"rendered":"<p><em>L&rsquo;OFEV a publi\u00e9 aujourd&rsquo;hui une fiche d&rsquo;information sur le th\u00e8me \u00ab\u00a0 Extraction et stockage du CO2 : point sur le cadre juridique \u00bb.<\/em><\/p>\n<p><em>Cette fiche d\u2019information fait le point sur les dispositions juridiques qui encadrent actuellement l\u2019extraction et le stockage du CO2. Elle s\u2019adresse en particulier aux concepteurs de projet, aux acqu\u00e9reurs d\u2019\u00e9missions n\u00e9gatives sous forme de certificats CO2, aux autorit\u00e9s cantonales et communales d\u00e9livrant des autorisations ainsi qu\u2019au public int\u00e9ress\u00e9. Elle est disponible en allemand, fran\u00e7ais, italien et anglais.<\/em><\/p>\n<p><a href=\"https:\/\/che01.safelinks.protection.outlook.com\/?url=https%3A%2F%2Fwww.bafu.admin.ch%2Fbafu%2Ffr%2Fhome%2Fthemes%2Fclimat%2Finfo-specialistes%2Fextraction-et-stockage-du-co2.html&amp;data=05%7C02%7Camelie.elkadiri%40planair.ch%7C56b482e18d1a4286a2ff08dd8b99fcb2%7C311e061e4d19412c8ed9708fad1bf3a5%7C0%7C0%7C638820215906340910%7CUnknown%7CTWFpbGZsb3d8eyJFbXB0eU1hcGkiOnRydWUsIlYiOiIwLjAuMDAwMCIsIlAiOiJXaW4zMiIsIkFOIjoiTWFpbCIsIldUIjoyfQ%3D%3D%7C0%7C%7C%7C&amp;sdata=HRu6gUdcD1KzLqcyYxSHeQCEXgAboosvwuOSLibaAv4%3D&amp;reserved=0\">Extraction et stockage du CO2<\/a> &gt; Informations compl\u00e9mentaires &gt; Documents<br \/>\n&gt; <a href=\"https:\/\/che01.safelinks.protection.outlook.com\/?url=https%3A%2F%2Fwww.bafu.admin.ch%2Fdam%2Fbafu%2Ffr%2Fdokumente%2Fklima%2Ffachinfo-daten%2Ffaktenblatt-co2-entnahme-und-speicherung-rechtlicher-rahmen.pdf.download.pdf%2FFaktenblatt%2520CCS_NET%2520Ubersicht%2520rechtlicher%2520Rahmen%2520_FR.pdf&amp;data=05%7C02%7Camelie.elkadiri%40planair.ch%7C56b482e18d1a4286a2ff08dd8b99fcb2%7C311e061e4d19412c8ed9708fad1bf3a5%7C0%7C0%7C638820215906354566%7CUnknown%7CTWFpbGZsb3d8eyJFbXB0eU1hcGkiOnRydWUsIlYiOiIwLjAuMDAwMCIsIlAiOiJXaW4zMiIsIkFOIjoiTWFpbCIsIldUIjoyfQ%3D%3D%7C0%7C%7C%7C&amp;sdata=6%2B46%2BW%2F5vmXobVJCJHeGk99chk4mFFCIu62FLfXhNIo%3D&amp;reserved=0\">Fiche d&rsquo;information : Extraction et stockage du CO2 &#8211; point sur le cadre juridique<\/a><\/p>\n","protected":false},"excerpt":{"rendered":"<p>L&rsquo;OFEV a publi\u00e9 aujourd&rsquo;hui une fiche d&rsquo;information sur le th\u00e8me \u00ab\u00a0 Extraction et stockage du CO2 : point sur le cadre juridique \u00bb. Cette fiche d\u2019information fait le point sur les dispositions juridiques qui encadrent actuellement l\u2019extraction et le stockage du CO2. Elle s\u2019adresse en particulier aux concepteurs de projet, aux acqu\u00e9reurs d\u2019\u00e9missions n\u00e9gatives sous [&#8230;]<\/p>\n<p><a class=\"btn btn-secondary understrap-read-more-link\" href=\"https:\/\/infrawatt.ch\/fr\/nouvelle-fiche-dinformation-de-lofev\/\">Lire la suite\u2026<span class=\"screen-reader-text\"> from Nouvelle fiche d&rsquo;information de l&rsquo;OFEV !<\/span><\/a><\/p>\n","protected":false},"author":9,"featured_media":7653,"comment_status":"open","ping_status":"open","sticky":false,"template":"","format":"standard","meta":{"_acf_changed":false,"footnotes":""},"categories":[61],"tags":[],"class_list":["post-7655","post","type-post","status-publish","format-standard","has-post-thumbnail","hentry","category-actualites-fr"],"acf":[],"_links":{"self":[{"href":"https:\/\/infrawatt.ch\/fr\/wp-json\/wp\/v2\/posts\/7655","targetHints":{"allow":["GET"]}}],"collection":[{"href":"https:\/\/infrawatt.ch\/fr\/wp-json\/wp\/v2\/posts"}],"about":[{"href":"https:\/\/infrawatt.ch\/fr\/wp-json\/wp\/v2\/types\/post"}],"author":[{"embeddable":true,"href":"https:\/\/infrawatt.ch\/fr\/wp-json\/wp\/v2\/users\/9"}],"replies":[{"embeddable":true,"href":"https:\/\/infrawatt.ch\/fr\/wp-json\/wp\/v2\/comments?post=7655"}],"version-history":[{"count":1,"href":"https:\/\/infrawatt.ch\/fr\/wp-json\/wp\/v2\/posts\/7655\/revisions"}],"predecessor-version":[{"id":7656,"href":"https:\/\/infrawatt.ch\/fr\/wp-json\/wp\/v2\/posts\/7655\/revisions\/7656"}],"wp:featuredmedia":[{"embeddable":true,"href":"https:\/\/infrawatt.ch\/fr\/wp-json\/wp\/v2\/media\/7653"}],"wp:attachment":[{"href":"https:\/\/infrawatt.ch\/fr\/wp-json\/wp\/v2\/media?parent=7655"}],"wp:term":[{"taxonomy":"category","embeddable":true,"href":"https:\/\/infrawatt.ch\/fr\/wp-json\/wp\/v2\/categories?post=7655"},{"taxonomy":"post_tag","embeddable":true,"href":"https:\/\/infrawatt.ch\/fr\/wp-json\/wp\/v2\/tags?post=7655"}],"curies":[{"name":"wp","href":"https:\/\/api.w.org\/{rel}","templated":true}]}}