{"id":7728,"date":"2025-06-13T13:04:22","date_gmt":"2025-06-13T13:04:22","guid":{"rendered":"https:\/\/infrawatt.ch\/?p=7728"},"modified":"2025-06-27T07:04:20","modified_gmt":"2025-06-27T07:04:20","slug":"infrawatt-celebre-son-15eme-anniversaire-assemblee-generale","status":"publish","type":"post","link":"https:\/\/infrawatt.ch\/fr\/infrawatt-celebre-son-15eme-anniversaire-assemblee-generale\/","title":{"rendered":"InfraWatt c\u00e9l\u00e9bre son 15\u00e8me anniversaire &#8211; Assembl\u00e9e g\u00e9n\u00e9rale"},"content":{"rendered":"<p data-start=\"106\" data-end=\"550\">Le 5 juin 2025, InfraWatt a marqu\u00e9 son 15\u00e8me anniversaire \u00e0 Arbon, avec une assembl\u00e9e g\u00e9n\u00e9rale sp\u00e9ciale mettant en avant ses r\u00e9alisations dans la d\u00e9carbonation, la coop\u00e9ration europ\u00e9enne et l&rsquo;innovation technique. Cette journ\u00e9e a \u00e9t\u00e9 l&rsquo;occasion de dresser un bilan positif de l&rsquo;ann\u00e9e 2024, tout en validant le programme 2025, centr\u00e9 sur la communication des bonnes pratiques et le soutien aux projets concrets pour des infrastructures durables.<\/p>\n<p data-start=\"552\" data-end=\"826\">L\u2019\u00e9v\u00e9nement a \u00e9galement permis de c\u00e9l\u00e9brer des avanc\u00e9es significatives, notamment dans le domaine des stations d&rsquo;\u00e9puration, avec la remise du Prix de l&rsquo;Innovation InfraWatt. Ce prix a r\u00e9compens\u00e9 trois projets exemplaires d&rsquo;\u00e9conomie circulaire et de valorisation \u00e9nerg\u00e9tique.<\/p>\n<p data-start=\"828\" data-end=\"1009\">La journ\u00e9e a \u00e9t\u00e9 marqu\u00e9e par des pr\u00e9sentations du projet europ\u00e9en ResNRJWater, visant \u00e0 rendre les stations d\u2019\u00e9puration plus r\u00e9silientes en mati\u00e8re d\u2019approvisionnement \u00e9nerg\u00e9tique.<\/p>\n<p data-start=\"1011\" data-end=\"1088\" data-is-last-node=\"\" data-is-only-node=\"\">Pour plus d&rsquo;informations, consultez le communiqu\u00e9 de presse complet <a class=\"\" href=\"https:\/\/infrawatt.ch\/wp-content\/uploads\/2025\/06\/InfraWatt_Communique-de-presse-AG_FR.pdf\" rel=\"noopener\" data-start=\"1079\" data-end=\"1087\">ici<\/a>.<\/p>\n<p data-start=\"1011\" data-end=\"1088\" data-is-last-node=\"\" data-is-only-node=\"\">Photo par Eve Kohler Fotografie<\/p>\n","protected":false},"excerpt":{"rendered":"<p>Le 5 juin 2025, InfraWatt a marqu\u00e9 son 15\u00e8me anniversaire \u00e0 Arbon, avec une assembl\u00e9e g\u00e9n\u00e9rale sp\u00e9ciale mettant en avant ses r\u00e9alisations dans la d\u00e9carbonation, la coop\u00e9ration europ\u00e9enne et l&rsquo;innovation technique. Cette journ\u00e9e a \u00e9t\u00e9 l&rsquo;occasion de dresser un bilan positif de l&rsquo;ann\u00e9e 2024, tout en validant le programme 2025, centr\u00e9 sur la communication des [&#8230;]<\/p>\n<p><a class=\"btn btn-secondary understrap-read-more-link\" href=\"https:\/\/infrawatt.ch\/fr\/infrawatt-celebre-son-15eme-anniversaire-assemblee-generale\/\">Lire la suite\u2026<span class=\"screen-reader-text\"> from InfraWatt c\u00e9l\u00e9bre son 15\u00e8me anniversaire &#8211; Assembl\u00e9e g\u00e9n\u00e9rale<\/span><\/a><\/p>\n","protected":false},"author":9,"featured_media":7729,"comment_status":"open","ping_status":"open","sticky":false,"template":"","format":"standard","meta":{"_acf_changed":false,"footnotes":""},"categories":[61,114,92,96],"tags":[],"class_list":["post-7728","post","type-post","status-publish","format-standard","has-post-thumbnail","hentry","category-actualites-fr","category-article","category-mailchimp-fr","category-specifique-infrawatt-fr"],"acf":[],"_links":{"self":[{"href":"https:\/\/infrawatt.ch\/fr\/wp-json\/wp\/v2\/posts\/7728","targetHints":{"allow":["GET"]}}],"collection":[{"href":"https:\/\/infrawatt.ch\/fr\/wp-json\/wp\/v2\/posts"}],"about":[{"href":"https:\/\/infrawatt.ch\/fr\/wp-json\/wp\/v2\/types\/post"}],"author":[{"embeddable":true,"href":"https:\/\/infrawatt.ch\/fr\/wp-json\/wp\/v2\/users\/9"}],"replies":[{"embeddable":true,"href":"https:\/\/infrawatt.ch\/fr\/wp-json\/wp\/v2\/comments?post=7728"}],"version-history":[{"count":2,"href":"https:\/\/infrawatt.ch\/fr\/wp-json\/wp\/v2\/posts\/7728\/revisions"}],"predecessor-version":[{"id":7761,"href":"https:\/\/infrawatt.ch\/fr\/wp-json\/wp\/v2\/posts\/7728\/revisions\/7761"}],"wp:featuredmedia":[{"embeddable":true,"href":"https:\/\/infrawatt.ch\/fr\/wp-json\/wp\/v2\/media\/7729"}],"wp:attachment":[{"href":"https:\/\/infrawatt.ch\/fr\/wp-json\/wp\/v2\/media?parent=7728"}],"wp:term":[{"taxonomy":"category","embeddable":true,"href":"https:\/\/infrawatt.ch\/fr\/wp-json\/wp\/v2\/categories?post=7728"},{"taxonomy":"post_tag","embeddable":true,"href":"https:\/\/infrawatt.ch\/fr\/wp-json\/wp\/v2\/tags?post=7728"}],"curies":[{"name":"wp","href":"https:\/\/api.w.org\/{rel}","templated":true}]}}