{"id":7811,"date":"2025-08-19T12:35:11","date_gmt":"2025-08-19T12:35:11","guid":{"rendered":"https:\/\/infrawatt.ch\/?p=7811"},"modified":"2025-10-01T06:18:33","modified_gmt":"2025-10-01T06:18:33","slug":"prix-de-linnovation-2026","status":"publish","type":"post","link":"https:\/\/infrawatt.ch\/fr\/prix-de-linnovation-2026\/","title":{"rendered":"Prix de l&rsquo;innovation 2026: r\u00e9seaux thermiques"},"content":{"rendered":"<h3 data-start=\"69\" data-end=\"120\"><img loading=\"lazy\" decoding=\"async\" class=\"alignnone size-medium wp-image-6819\" src=\"https:\/\/infrawatt.ch\/wp-content\/uploads\/2024\/11\/Prix-de-linnovation-1-e1734006214767-300x71.jpg\" alt=\"\" width=\"300\" height=\"71\" srcset=\"https:\/\/infrawatt.ch\/wp-content\/uploads\/2024\/11\/Prix-de-linnovation-1-e1734006214767-300x71.jpg 300w, https:\/\/infrawatt.ch\/wp-content\/uploads\/2024\/11\/Prix-de-linnovation-1-e1734006214767.jpg 697w\" sizes=\"auto, (max-width: 300px) 100vw, 300px\" \/><\/h3>\n<h3 data-start=\"69\" data-end=\"120\"><\/h3>\n<h3 data-start=\"69\" data-end=\"120\"><strong data-start=\"73\" data-end=\"118\">Prix de l&rsquo;innovation 2026: R\u00e9seaux Thermiques<\/strong><\/h3>\n<p data-start=\"122\" data-end=\"564\">Chaque ann\u00e9e, l&rsquo;association <strong data-start=\"150\" data-end=\"163\">InfraWatt<\/strong>, qui \u0153uvre dans les domaines de l&rsquo;assainissement, des d\u00e9chets, de la chaleur r\u00e9siduelle et de l&rsquo;eau potable pour une gestion \u00e9nerg\u00e9tique efficace de ces ressources, d\u00e9cerne le <strong data-start=\"340\" data-end=\"371\">Prix d&rsquo;Innovation InfraWatt<\/strong>. L&rsquo;objectif de ce prix est d&rsquo;encourager les exploitants et les entreprises \u00e0 r\u00e9aliser des projets ou produits \u00e9nerg\u00e9tiques innovants et \u00e0 diffuser ces projets en Suisse et \u00e0 l&rsquo;international.<\/p>\n<p data-start=\"566\" data-end=\"781\">Pour l&rsquo;\u00e9dition de <strong data-start=\"584\" data-end=\"592\">2026<\/strong>, un laur\u00e9at sera choisi dans le domaine des <strong data-start=\"637\" data-end=\"659\">r\u00e9seaux thermiques<\/strong>. Les projets peuvent toucher \u00e0 diff\u00e9rents domaines, notamment l&rsquo;\u00e9nergie, le climat et l&rsquo;\u00e9conomie circulaire, tels que :<\/p>\n<ul data-start=\"783\" data-end=\"1302\">\n<li data-start=\"783\" data-end=\"848\">\n<p data-start=\"785\" data-end=\"848\">Augmentation de l&rsquo;efficacit\u00e9 des r\u00e9seaux thermiques existants<\/p>\n<\/li>\n<li data-start=\"849\" data-end=\"954\">\n<p data-start=\"851\" data-end=\"954\">Concepts innovants pour l&rsquo;int\u00e9gration des \u00e9nergies renouvelables et la r\u00e9duction des \u00e9missions de CO\u2082<\/p>\n<\/li>\n<li data-start=\"955\" data-end=\"1013\">\n<p data-start=\"957\" data-end=\"1013\">Couplage sectoriel et gestion intelligente des r\u00e9seaux<\/p>\n<\/li>\n<li data-start=\"1014\" data-end=\"1079\">\n<p data-start=\"1016\" data-end=\"1079\">Solutions \u00e9nerg\u00e9tiques r\u00e9gionales avec des r\u00e9seaux de chaleur<\/p>\n<\/li>\n<li data-start=\"1080\" data-end=\"1162\">\n<p data-start=\"1082\" data-end=\"1162\">Projets de protection climatique avec r\u00e9duction mesurable des \u00e9missions de CO\u2082<\/p>\n<\/li>\n<li data-start=\"1163\" data-end=\"1236\">\n<p data-start=\"1165\" data-end=\"1236\">Projets d&rsquo;optimisation de la flexibilit\u00e9 et de la stabilit\u00e9 du r\u00e9seau<\/p>\n<\/li>\n<li data-start=\"1237\" data-end=\"1302\">\n<p data-start=\"1239\" data-end=\"1302\">Power-to-Heat, solutions de stockage et applications hybrides<\/p>\n<\/li>\n<\/ul>\n<p data-start=\"1304\" data-end=\"1637\">Le projet doit \u00eatre <strong data-start=\"1324\" data-end=\"1336\">innovant<\/strong> et <strong data-start=\"1340\" data-end=\"1356\">transf\u00e9rable<\/strong>, avec une <strong data-start=\"1367\" data-end=\"1415\">r\u00e9duction significative des \u00e9missions de CO\u2082<\/strong> et un grand potentiel pour des solutions <strong data-start=\"1457\" data-end=\"1486\">\u00e9nerg\u00e9tiquement efficaces<\/strong>, applicables \u00e0 d&rsquo;autres installations. Le candidat devra \u00e9galement prouver que le projet a d\u00e9j\u00e0 \u00e9t\u00e9 <strong data-start=\"1587\" data-end=\"1598\">r\u00e9alis\u00e9<\/strong> ou qu&rsquo;il est sur le point de l&rsquo;\u00eatre.<\/p>\n<p data-start=\"1639\" data-end=\"1777\">Nous vous invitons donc \u00e0 soumettre votre candidature pour le <strong data-start=\"1701\" data-end=\"1737\">Prix d&rsquo;Innovation InfraWatt 2026<\/strong> avant le <strong data-start=\"1747\" data-end=\"1766\">7 novembre 2025<\/strong> par email.<\/p>\n<p data-start=\"1639\" data-end=\"1777\"><a href=\"https:\/\/infrawatt.ch\/fr\/eventspost\/prix-de-linnovation-2026-les-candidatures-sont-ouvertes\/\" rel=\"noopener\">Prix de l\u2019innovation 2026: les candidatures sont ouvertes!<\/a><\/p>\n","protected":false},"excerpt":{"rendered":"<p>Prix de l&rsquo;innovation 2026: R\u00e9seaux Thermiques Chaque ann\u00e9e, l&rsquo;association InfraWatt, qui \u0153uvre dans les domaines de l&rsquo;assainissement, des d\u00e9chets, de la chaleur r\u00e9siduelle et de l&rsquo;eau potable pour une gestion \u00e9nerg\u00e9tique efficace de ces ressources, d\u00e9cerne le Prix d&rsquo;Innovation InfraWatt. L&rsquo;objectif de ce prix est d&rsquo;encourager les exploitants et les entreprises \u00e0 r\u00e9aliser des projets [&#8230;]<\/p>\n<p><a class=\"btn btn-secondary understrap-read-more-link\" href=\"https:\/\/infrawatt.ch\/fr\/prix-de-linnovation-2026\/\">Lire la suite\u2026<span class=\"screen-reader-text\"> from Prix de l&rsquo;innovation 2026: r\u00e9seaux thermiques<\/span><\/a><\/p>\n","protected":false},"author":11,"featured_media":7932,"comment_status":"open","ping_status":"open","sticky":false,"template":"","format":"standard","meta":{"_acf_changed":false,"footnotes":""},"categories":[61,114,92,96],"tags":[],"class_list":["post-7811","post","type-post","status-publish","format-standard","has-post-thumbnail","hentry","category-actualites-fr","category-article","category-mailchimp-fr","category-specifique-infrawatt-fr"],"acf":[],"_links":{"self":[{"href":"https:\/\/infrawatt.ch\/fr\/wp-json\/wp\/v2\/posts\/7811","targetHints":{"allow":["GET"]}}],"collection":[{"href":"https:\/\/infrawatt.ch\/fr\/wp-json\/wp\/v2\/posts"}],"about":[{"href":"https:\/\/infrawatt.ch\/fr\/wp-json\/wp\/v2\/types\/post"}],"author":[{"embeddable":true,"href":"https:\/\/infrawatt.ch\/fr\/wp-json\/wp\/v2\/users\/11"}],"replies":[{"embeddable":true,"href":"https:\/\/infrawatt.ch\/fr\/wp-json\/wp\/v2\/comments?post=7811"}],"version-history":[{"count":4,"href":"https:\/\/infrawatt.ch\/fr\/wp-json\/wp\/v2\/posts\/7811\/revisions"}],"predecessor-version":[{"id":7936,"href":"https:\/\/infrawatt.ch\/fr\/wp-json\/wp\/v2\/posts\/7811\/revisions\/7936"}],"wp:featuredmedia":[{"embeddable":true,"href":"https:\/\/infrawatt.ch\/fr\/wp-json\/wp\/v2\/media\/7932"}],"wp:attachment":[{"href":"https:\/\/infrawatt.ch\/fr\/wp-json\/wp\/v2\/media?parent=7811"}],"wp:term":[{"taxonomy":"category","embeddable":true,"href":"https:\/\/infrawatt.ch\/fr\/wp-json\/wp\/v2\/categories?post=7811"},{"taxonomy":"post_tag","embeddable":true,"href":"https:\/\/infrawatt.ch\/fr\/wp-json\/wp\/v2\/tags?post=7811"}],"curies":[{"name":"wp","href":"https:\/\/api.w.org\/{rel}","templated":true}]}}