{"id":7869,"date":"2025-08-22T13:24:35","date_gmt":"2025-08-22T13:24:35","guid":{"rendered":"https:\/\/infrawatt.ch\/?p=7869"},"modified":"2025-10-01T06:24:15","modified_gmt":"2025-10-01T06:24:15","slug":"visite-de-la-uvtd-renergia","status":"publish","type":"post","link":"https:\/\/infrawatt.ch\/fr\/visite-de-la-uvtd-renergia\/","title":{"rendered":"Visite de l&rsquo;UVTD Renergia le 12 novembre 2025"},"content":{"rendered":"<p>Dans le cadre de son 15e anniversaire, InfraWatt organise une visite de la Renergia \u00e0 Perlen.<\/p>\n<p>En raison des \u00e9volutions actuelles du march\u00e9 de l&rsquo;\u00e9lectricit\u00e9 et du d\u00e9veloppement massif du chauffage \u00e0 distance, il est de plus en plus important que nos infrastructures gagnent en flexibilit\u00e9. Nous vous invitons cordialement \u00e0 d\u00e9couvrir les solutions innovantes de Renergia \u00e0 Perlen qui favorisent cette flexibilit\u00e9. Au cours de conf\u00e9rences sp\u00e9cialis\u00e9es et d&rsquo;une visite guid\u00e9e, vous pourrez notamment d\u00e9couvrir l&rsquo;installation d&rsquo;accumulation par pression d&rsquo;un volume de 5 000 m\u00b3 et son syst\u00e8me de commande intelligent. Cet \u00e9v\u00e9nement offre aux membres d&rsquo;InfraWatt une excellente occasion d&rsquo;\u00e9changer des bonnes pratiques et de faire avancer ensemble la transition \u00e9nerg\u00e9tique.<\/p>\n<p>La visite se terminera par un ap\u00e9ritif.<\/p>\n<p><a href=\"https:\/\/infrawatt.ch\/fr\/eventspost\/15-ans-dinfrawatt-visite-de-la-kva-renergia\/\" target=\"_blank\" rel=\"noopener\">Lien vers l&rsquo;inscription<\/a><\/p>\n<p><img loading=\"lazy\" decoding=\"async\" class=\"alignnone size-medium wp-image-6776\" src=\"https:\/\/infrawatt.ch\/wp-content\/uploads\/2024\/12\/Logo-15-ans-infrawatt-e1733845724180-300x70.png\" alt=\"\" width=\"300\" height=\"70\" srcset=\"https:\/\/infrawatt.ch\/wp-content\/uploads\/2024\/12\/Logo-15-ans-infrawatt-e1733845724180-300x70.png 300w, https:\/\/infrawatt.ch\/wp-content\/uploads\/2024\/12\/Logo-15-ans-infrawatt-e1733845724180-1024x239.png 1024w, https:\/\/infrawatt.ch\/wp-content\/uploads\/2024\/12\/Logo-15-ans-infrawatt-e1733845724180-768x180.png 768w, https:\/\/infrawatt.ch\/wp-content\/uploads\/2024\/12\/Logo-15-ans-infrawatt-e1733845724180-1536x359.png 1536w, https:\/\/infrawatt.ch\/wp-content\/uploads\/2024\/12\/Logo-15-ans-infrawatt-e1733845724180.png 1805w\" sizes=\"auto, (max-width: 300px) 100vw, 300px\" \/><\/p>\n","protected":false},"excerpt":{"rendered":"<p>Dans le cadre de son 15e anniversaire, InfraWatt organise une visite de la Renergia \u00e0 Perlen. En raison des \u00e9volutions actuelles du march\u00e9 de l&rsquo;\u00e9lectricit\u00e9 et du d\u00e9veloppement massif du chauffage \u00e0 distance, il est de plus en plus important que nos infrastructures gagnent en flexibilit\u00e9. Nous vous invitons cordialement \u00e0 d\u00e9couvrir les solutions innovantes [&#8230;]<\/p>\n<p><a class=\"btn btn-secondary understrap-read-more-link\" href=\"https:\/\/infrawatt.ch\/fr\/visite-de-la-uvtd-renergia\/\">Lire la suite\u2026<span class=\"screen-reader-text\"> from Visite de l&rsquo;UVTD Renergia le 12 novembre 2025<\/span><\/a><\/p>\n","protected":false},"author":9,"featured_media":7871,"comment_status":"open","ping_status":"open","sticky":false,"template":"","format":"standard","meta":{"_acf_changed":false,"footnotes":""},"categories":[93,114,65,92,96],"tags":[],"class_list":["post-7869","post","type-post","status-publish","format-standard","has-post-thumbnail","hentry","category-abfall-fr","category-article","category-dechets-fr","category-mailchimp-fr","category-specifique-infrawatt-fr"],"acf":[],"_links":{"self":[{"href":"https:\/\/infrawatt.ch\/fr\/wp-json\/wp\/v2\/posts\/7869","targetHints":{"allow":["GET"]}}],"collection":[{"href":"https:\/\/infrawatt.ch\/fr\/wp-json\/wp\/v2\/posts"}],"about":[{"href":"https:\/\/infrawatt.ch\/fr\/wp-json\/wp\/v2\/types\/post"}],"author":[{"embeddable":true,"href":"https:\/\/infrawatt.ch\/fr\/wp-json\/wp\/v2\/users\/9"}],"replies":[{"embeddable":true,"href":"https:\/\/infrawatt.ch\/fr\/wp-json\/wp\/v2\/comments?post=7869"}],"version-history":[{"count":2,"href":"https:\/\/infrawatt.ch\/fr\/wp-json\/wp\/v2\/posts\/7869\/revisions"}],"predecessor-version":[{"id":7942,"href":"https:\/\/infrawatt.ch\/fr\/wp-json\/wp\/v2\/posts\/7869\/revisions\/7942"}],"wp:featuredmedia":[{"embeddable":true,"href":"https:\/\/infrawatt.ch\/fr\/wp-json\/wp\/v2\/media\/7871"}],"wp:attachment":[{"href":"https:\/\/infrawatt.ch\/fr\/wp-json\/wp\/v2\/media?parent=7869"}],"wp:term":[{"taxonomy":"category","embeddable":true,"href":"https:\/\/infrawatt.ch\/fr\/wp-json\/wp\/v2\/categories?post=7869"},{"taxonomy":"post_tag","embeddable":true,"href":"https:\/\/infrawatt.ch\/fr\/wp-json\/wp\/v2\/tags?post=7869"}],"curies":[{"name":"wp","href":"https:\/\/api.w.org\/{rel}","templated":true}]}}