{"id":8042,"date":"2025-12-01T13:21:36","date_gmt":"2025-12-01T13:21:36","guid":{"rendered":"https:\/\/infrawatt.ch\/?p=8042"},"modified":"2025-12-01T13:21:36","modified_gmt":"2025-12-01T13:21:36","slug":"webinaire-regulation-intelligente-de-leau-potable-presentations-enregistrement","status":"publish","type":"post","link":"https:\/\/infrawatt.ch\/fr\/webinaire-regulation-intelligente-de-leau-potable-presentations-enregistrement\/","title":{"rendered":"Webinaire r\u00e9gulation intelligente de l&rsquo;eau potable &#8211; pr\u00e9sentations &#038; enregistrement"},"content":{"rendered":"<p>Dans le cadre de la c\u00e9l\u00e9bration des 15 ans d&rsquo;InfraWatt, le webinaire \u00ab R\u00e9gulation intelligente de l&rsquo;eau potable \u00bb a eu lieu le 20 novembre 2025.<\/p>\n<p>Vous trouverez ci-dessous les pr\u00e9sentations correspondantes de Laure Deschaintre d&rsquo;InfraWatt, Andreas Hurni de Ryser Ingenieure et Khalid Essyad de WSP.<\/p>\n<p><strong>Lien vers les pr\u00e9sentations:<\/strong><br \/>\n<a href=\"https:\/\/infrawatt.ch\/wp-content\/uploads\/2025\/12\/Webinar-InfraWatt_Smarte-Trinkwasserversorgung_Einfuhrung-Laure-Deschaintre.pdf\" target=\"_blank\" rel=\"noopener\">Webinaire r\u00e9gulation intelligente de l&rsquo;eau potable-introduction par Laure Deschaintre<\/a><br \/>\n<a href=\"https:\/\/infrawatt.ch\/wp-content\/uploads\/2025\/12\/Webinar-InfraWatt_Smarte-Trinkwasserversorgung_Andreas-Hurni.pdf\" target=\"_blank\" rel=\"noopener\">Webinaire r\u00e9gulation intelligente de l&rsquo;eau potable-Andreas Hurni<\/a><br \/>\n<a href=\"https:\/\/infrawatt.ch\/wp-content\/uploads\/2025\/12\/Webinar-InfraWatt_Smarte-Trinkwasserversorgung_Khalid-Essyad.pdf\" target=\"_blank\" rel=\"noopener\">Webinaire r\u00e9gulation intelligente de l&rsquo;eau potable-Khalid Essyad<\/a><\/p>\n<p><strong>Enregistrement vid\u00e9o:<\/strong><\/p>\n<div style=\"width: 640px;\" class=\"wp-video\"><video class=\"wp-video-shortcode\" id=\"video-8042-1\" width=\"640\" height=\"360\" preload=\"metadata\" controls=\"controls\"><source type=\"video\/mp4\" src=\"https:\/\/infrawatt.ch\/wp-content\/uploads\/2025\/12\/InfraWatt-Webinar-smarte-Trinkwasserregelung-20251120_095951-Enregistrement-de-la-reunion.mp4?_=1\" \/><a href=\"https:\/\/infrawatt.ch\/wp-content\/uploads\/2025\/12\/InfraWatt-Webinar-smarte-Trinkwasserregelung-20251120_095951-Enregistrement-de-la-reunion.mp4\">https:\/\/infrawatt.ch\/wp-content\/uploads\/2025\/12\/InfraWatt-Webinar-smarte-Trinkwasserregelung-20251120_095951-Enregistrement-de-la-reunion.mp4<\/a><\/video><\/div>\n","protected":false},"excerpt":{"rendered":"<p>Dans le cadre de la c\u00e9l\u00e9bration des 15 ans d&rsquo;InfraWatt, le webinaire \u00ab R\u00e9gulation intelligente de l&rsquo;eau potable \u00bb a eu lieu le 20 novembre 2025. Vous trouverez ci-dessous les pr\u00e9sentations correspondantes de Laure Deschaintre d&rsquo;InfraWatt, Andreas Hurni de Ryser Ingenieure et Khalid Essyad de WSP. Lien vers les pr\u00e9sentations: Webinaire r\u00e9gulation intelligente de l&rsquo;eau [&#8230;]<\/p>\n<p><a class=\"btn btn-secondary understrap-read-more-link\" href=\"https:\/\/infrawatt.ch\/fr\/webinaire-regulation-intelligente-de-leau-potable-presentations-enregistrement\/\">Lire la suite\u2026<span class=\"screen-reader-text\"> from Webinaire r\u00e9gulation intelligente de l&rsquo;eau potable &#8211; pr\u00e9sentations &#038; enregistrement<\/span><\/a><\/p>\n","protected":false},"author":9,"featured_media":7879,"comment_status":"open","ping_status":"open","sticky":false,"template":"","format":"standard","meta":{"_acf_changed":false,"footnotes":""},"categories":[61,62,92,16,96],"tags":[],"class_list":["post-8042","post","type-post","status-publish","format-standard","has-post-thumbnail","hentry","category-actualites-fr","category-eaux-potables-fr","category-mailchimp-fr","category-non-classifiee","category-specifique-infrawatt-fr"],"acf":[],"_links":{"self":[{"href":"https:\/\/infrawatt.ch\/fr\/wp-json\/wp\/v2\/posts\/8042","targetHints":{"allow":["GET"]}}],"collection":[{"href":"https:\/\/infrawatt.ch\/fr\/wp-json\/wp\/v2\/posts"}],"about":[{"href":"https:\/\/infrawatt.ch\/fr\/wp-json\/wp\/v2\/types\/post"}],"author":[{"embeddable":true,"href":"https:\/\/infrawatt.ch\/fr\/wp-json\/wp\/v2\/users\/9"}],"replies":[{"embeddable":true,"href":"https:\/\/infrawatt.ch\/fr\/wp-json\/wp\/v2\/comments?post=8042"}],"version-history":[{"count":1,"href":"https:\/\/infrawatt.ch\/fr\/wp-json\/wp\/v2\/posts\/8042\/revisions"}],"predecessor-version":[{"id":8043,"href":"https:\/\/infrawatt.ch\/fr\/wp-json\/wp\/v2\/posts\/8042\/revisions\/8043"}],"wp:featuredmedia":[{"embeddable":true,"href":"https:\/\/infrawatt.ch\/fr\/wp-json\/wp\/v2\/media\/7879"}],"wp:attachment":[{"href":"https:\/\/infrawatt.ch\/fr\/wp-json\/wp\/v2\/media?parent=8042"}],"wp:term":[{"taxonomy":"category","embeddable":true,"href":"https:\/\/infrawatt.ch\/fr\/wp-json\/wp\/v2\/categories?post=8042"},{"taxonomy":"post_tag","embeddable":true,"href":"https:\/\/infrawatt.ch\/fr\/wp-json\/wp\/v2\/tags?post=8042"}],"curies":[{"name":"wp","href":"https:\/\/api.w.org\/{rel}","templated":true}]}}