{"id":8177,"date":"2026-02-10T11:18:15","date_gmt":"2026-02-10T11:18:15","guid":{"rendered":"https:\/\/infrawatt.ch\/?p=8177"},"modified":"2026-02-17T14:25:55","modified_gmt":"2026-02-17T14:25:55","slug":"forum-du-chauffage-a-distance-2026-sur-le-theme-les-reseaux-thermiques-reussir-leur-extension","status":"publish","type":"post","link":"https:\/\/infrawatt.ch\/fr\/forum-du-chauffage-a-distance-2026-sur-le-theme-les-reseaux-thermiques-reussir-leur-extension\/","title":{"rendered":"Forum du chauffage \u00e0 distance 2026 sur le th\u00e8me \u00ab Les r\u00e9seaux thermiques \u2013 r\u00e9ussir leur extension ! \u00bb"},"content":{"rendered":"<p>Avec plus de 700 participants et environ 60 exposants, le Forum du chauffage \u00e0 distance est LE point de rencontre du secteur du chauffage et du froid \u00e0 distance en Suisse. Le nombre toujours croissant de participants illustre clairement l&rsquo;importance du secteur et le boom actuel de l&rsquo;expansion des r\u00e9seaux thermiques. Le Congr\u00e8s de l&rsquo;\u00e9lectricit\u00e9 de la semaine derni\u00e8re a r\u00e9uni \u00e0 peine 500 personnes.<\/p>\n<p>Le Forum du chauffage \u00e0 distance 2026 aborde des \u00e9l\u00e9ments importants pour une extension r\u00e9ussie des r\u00e9seaux thermiques. Il s&rsquo;agit notamment :<\/p>\n<ul>\n<li>d\u2019une strat\u00e9gie claire, comme l&rsquo;illustre l&rsquo;exemple d&rsquo;une strat\u00e9gie europ\u00e9enne en mati\u00e8re de chauffage et refroidissement, qui sert de base aux orientations politiques de la Commission europ\u00e9enne,<\/li>\n<li>d\u2019un plan de mise en \u0153uvre ou de transformation, tel que celui \u00e9labor\u00e9 par les services industriels de Munich, qui englobe \u00e0 la fois les solutions techniques et le financement,<\/li>\n<li>d\u2019un concept de communication coh\u00e9rent, adapt\u00e9 aux besoins des diff\u00e9rents groupes cibles et accompagnant la phase d&rsquo;extension, sans oublier<\/li>\n<li>la prise en compte de tous les co\u00fbts pertinents et leur transposition dans un bar\u00e8me tarifaire adapt\u00e9.<\/li>\n<\/ul>\n<p>Dans le cadre de la table ronde qui aura lieu en fin de matin\u00e9e, les th\u00e8mes des co\u00fbts et de la communication seront notamment approfondis.<\/p>\n<p>Apr\u00e8s le discours de la pr\u00e9sidente de RETS, Madame la conseill\u00e8re nationale C\u00e9line Weber, aura lieu dans l&rsquo;apr\u00e8s-midi la remise du prix d\u2019innovation d\u2019InfraWatt 2026, d\u00e9cern\u00e9 tous les quatre ans aux r\u00e9seaux thermiques innovants. Au total, trois r\u00e9seaux de chaleur et de froid innovants de Suisse al\u00e9manique et de Suisse romande seront r\u00e9compens\u00e9s. Le programme sera compl\u00e9t\u00e9 par des expos\u00e9s sur les nouvelles bases juridiques pour les r\u00e9seaux thermiques de l&rsquo;Office f\u00e9d\u00e9ral de l&rsquo;\u00e9nergie, sur les stockages de chaleur en caverne et les batteries de sable, sur le th\u00e8me du retrait du gaz dans le cadre de l&rsquo;extension des r\u00e9seaux thermiques et sur l&rsquo;utilisation de la chaleur r\u00e9siduelle des centres de calcul.<\/p>\n<p>\u00c0 l\u2019image des \u00e9ditions pr\u00e9c\u00e9dentes, le Forum du chauffage \u00e0 distance 2026 se terminera par la pr\u00e9sence d&rsquo;un invit\u00e9 surprise et un ap\u00e9ritif riche.<\/p>\n<p>Contact pour les demandes de renseignements : Andreas Hurni, directeur RETS et responsable du programme du Forum du chauffage \u00e0 distance, ahurni@thermische-netze.ch, T\u00e9l. : 031 560 03 91<\/p>\n","protected":false},"excerpt":{"rendered":"<p>Avec plus de 700 participants et environ 60 exposants, le Forum du chauffage \u00e0 distance est LE point de rencontre du secteur du chauffage et du froid \u00e0 distance en Suisse. Le nombre toujours croissant de participants illustre clairement l&rsquo;importance du secteur et le boom actuel de l&rsquo;expansion des r\u00e9seaux thermiques. Le Congr\u00e8s de l&rsquo;\u00e9lectricit\u00e9 [&#8230;]<\/p>\n<p><a class=\"btn btn-secondary understrap-read-more-link\" href=\"https:\/\/infrawatt.ch\/fr\/forum-du-chauffage-a-distance-2026-sur-le-theme-les-reseaux-thermiques-reussir-leur-extension\/\">Lire la suite\u2026<span class=\"screen-reader-text\"> from Forum du chauffage \u00e0 distance 2026 sur le th\u00e8me \u00ab Les r\u00e9seaux thermiques \u2013 r\u00e9ussir leur extension ! \u00bb<\/span><\/a><\/p>\n","protected":false},"author":11,"featured_media":8195,"comment_status":"open","ping_status":"open","sticky":false,"template":"","format":"standard","meta":{"_acf_changed":false,"footnotes":""},"categories":[94,61,67,92,96],"tags":[],"class_list":["post-8177","post","type-post","status-publish","format-standard","has-post-thumbnail","hentry","category-abwaerme-fr","category-actualites-fr","category-chaleur-residuelle-fr","category-mailchimp-fr","category-specifique-infrawatt-fr"],"acf":[],"_links":{"self":[{"href":"https:\/\/infrawatt.ch\/fr\/wp-json\/wp\/v2\/posts\/8177","targetHints":{"allow":["GET"]}}],"collection":[{"href":"https:\/\/infrawatt.ch\/fr\/wp-json\/wp\/v2\/posts"}],"about":[{"href":"https:\/\/infrawatt.ch\/fr\/wp-json\/wp\/v2\/types\/post"}],"author":[{"embeddable":true,"href":"https:\/\/infrawatt.ch\/fr\/wp-json\/wp\/v2\/users\/11"}],"replies":[{"embeddable":true,"href":"https:\/\/infrawatt.ch\/fr\/wp-json\/wp\/v2\/comments?post=8177"}],"version-history":[{"count":2,"href":"https:\/\/infrawatt.ch\/fr\/wp-json\/wp\/v2\/posts\/8177\/revisions"}],"predecessor-version":[{"id":8196,"href":"https:\/\/infrawatt.ch\/fr\/wp-json\/wp\/v2\/posts\/8177\/revisions\/8196"}],"wp:featuredmedia":[{"embeddable":true,"href":"https:\/\/infrawatt.ch\/fr\/wp-json\/wp\/v2\/media\/8195"}],"wp:attachment":[{"href":"https:\/\/infrawatt.ch\/fr\/wp-json\/wp\/v2\/media?parent=8177"}],"wp:term":[{"taxonomy":"category","embeddable":true,"href":"https:\/\/infrawatt.ch\/fr\/wp-json\/wp\/v2\/categories?post=8177"},{"taxonomy":"post_tag","embeddable":true,"href":"https:\/\/infrawatt.ch\/fr\/wp-json\/wp\/v2\/tags?post=8177"}],"curies":[{"name":"wp","href":"https:\/\/api.w.org\/{rel}","templated":true}]}}