{"id":8210,"date":"2026-02-19T07:22:41","date_gmt":"2026-02-19T07:22:41","guid":{"rendered":"https:\/\/infrawatt.ch\/?p=8210"},"modified":"2026-02-19T07:38:45","modified_gmt":"2026-02-19T07:38:45","slug":"congres-aeesuisse-2026-rendez-vous-le-7-mai-a-bale","status":"publish","type":"post","link":"https:\/\/infrawatt.ch\/fr\/congres-aeesuisse-2026-rendez-vous-le-7-mai-a-bale\/","title":{"rendered":"Congr\u00e8s aeesuisse 2026 \u2013 Rendez-vous le 7 mai \u00e0 B\u00e2le"},"content":{"rendered":"<p>Le Congr\u00e8s aeesuisse 2026 se tiendra le 7 mai 2026 \u00e0 B\u00e2le : une \u00e9tape majeure pour tous les acteurs de la transition \u00e9nerg\u00e9tique en Suisse.<\/p>\n<p><strong>Un lieu d\u2019\u00e9changes d\u2019envergure<\/strong><\/p>\n<p>Organis\u00e9 pour la dixi\u00e8me fois, ce congr\u00e8s r\u00e9unit environ 300 d\u00e9cideurs issus de la politique, de l\u2019administration, de l\u2019\u00e9conomie \u00e9nerg\u00e9tique, de la science, de l\u2019enseignement et des m\u00e9dias sp\u00e9cialis\u00e9s.<\/p>\n<p>Plac\u00e9e sous le th\u00e8me \u00ab Next Energy. S\u00fbr. Smart. Durable. \u00bb, la journ\u00e9e mettra l\u2019accent sur trois axes centraux :<\/p>\n<ul>\n<li>S\u00fbr : Comment assurer une approvisionnement \u00e9nerg\u00e9tique fiable m\u00eame en p\u00e9riode de transformation du syst\u00e8me \u00e9nerg\u00e9tique.<\/li>\n<li>Smart : Les technologies innovantes et les concepts intelligents qui acc\u00e9l\u00e8rent la transition \u00e9nerg\u00e9tique.<\/li>\n<li>Durable : Les projets et approches qui jettent les bases d\u2019un avenir \u00e9nerg\u00e9tique durable.<\/li>\n<\/ul>\n<p>Le programme inclut des interventions d\u2019expert\u00b7e\u00b7s de haut niveau, des discussions ouvertes et des \u00e9changes sur les d\u00e9fis actuels du secteur.<\/p>\n<p><strong>Prix \u00ab Energiewendemacher\u00b7in \u00bb 2026<\/strong><\/p>\n<p>La journ\u00e9e sera marqu\u00e9e par la remise du prix aeesuisse \u00ab Energiewendemacher\u00b7in \u00bb, r\u00e9compensant le projet le plus innovant dans la transition \u00e9nerg\u00e9tique.<\/p>\n<p><strong>Offre sp\u00e9ciale pour le r\u00e9seau InfraWatt<\/strong><\/p>\n<p>Gr\u00e2ce \u00e0 un partenariat avec aeesuisse, InfraWatt peut offrir \u00e0 son r\u00e9seau un tarif pr\u00e9f\u00e9rentiel si un minimum de 10 inscriptions est atteint via notre canal :<\/p>\n<ul>\n<li>Tarif r\u00e9duit : CHF 350.\u2013 au lieu de CHF 450.\u2013 pour les participant\u00b7e\u00b7s concern\u00e9s.<\/li>\n<li>Nous centraliserons les inscriptions et transmettrons la liste \u00e0 l\u2019organisateur.<\/li>\n<li>Date limite pour l\u2019envoi des inscriptions : 7 avril 2026.<\/li>\n<\/ul>\n<p><em>Vous souhaitez profiter de cette offre et participer au congr\u00e8s ? Contactez-nous \u00e0<\/em> : info@infrawatt.ch<\/p>\n<p>&nbsp;<\/p>\n","protected":false},"excerpt":{"rendered":"<p>Le Congr\u00e8s aeesuisse 2026 se tiendra le 7 mai 2026 \u00e0 B\u00e2le : une \u00e9tape majeure pour tous les acteurs de la transition \u00e9nerg\u00e9tique en Suisse. Un lieu d\u2019\u00e9changes d\u2019envergure Organis\u00e9 pour la dixi\u00e8me fois, ce congr\u00e8s r\u00e9unit environ 300 d\u00e9cideurs issus de la politique, de l\u2019administration, de l\u2019\u00e9conomie \u00e9nerg\u00e9tique, de la science, de l\u2019enseignement [&#8230;]<\/p>\n<p><a class=\"btn btn-secondary understrap-read-more-link\" href=\"https:\/\/infrawatt.ch\/fr\/congres-aeesuisse-2026-rendez-vous-le-7-mai-a-bale\/\">Lire la suite\u2026<span class=\"screen-reader-text\"> from Congr\u00e8s aeesuisse 2026 \u2013 Rendez-vous le 7 mai \u00e0 B\u00e2le<\/span><\/a><\/p>\n","protected":false},"author":11,"featured_media":8211,"comment_status":"open","ping_status":"open","sticky":false,"template":"","format":"standard","meta":{"_acf_changed":false,"footnotes":""},"categories":[61,114,92,96],"tags":[],"class_list":["post-8210","post","type-post","status-publish","format-standard","has-post-thumbnail","hentry","category-actualites-fr","category-article","category-mailchimp-fr","category-specifique-infrawatt-fr"],"acf":[],"_links":{"self":[{"href":"https:\/\/infrawatt.ch\/fr\/wp-json\/wp\/v2\/posts\/8210","targetHints":{"allow":["GET"]}}],"collection":[{"href":"https:\/\/infrawatt.ch\/fr\/wp-json\/wp\/v2\/posts"}],"about":[{"href":"https:\/\/infrawatt.ch\/fr\/wp-json\/wp\/v2\/types\/post"}],"author":[{"embeddable":true,"href":"https:\/\/infrawatt.ch\/fr\/wp-json\/wp\/v2\/users\/11"}],"replies":[{"embeddable":true,"href":"https:\/\/infrawatt.ch\/fr\/wp-json\/wp\/v2\/comments?post=8210"}],"version-history":[{"count":2,"href":"https:\/\/infrawatt.ch\/fr\/wp-json\/wp\/v2\/posts\/8210\/revisions"}],"predecessor-version":[{"id":8218,"href":"https:\/\/infrawatt.ch\/fr\/wp-json\/wp\/v2\/posts\/8210\/revisions\/8218"}],"wp:featuredmedia":[{"embeddable":true,"href":"https:\/\/infrawatt.ch\/fr\/wp-json\/wp\/v2\/media\/8211"}],"wp:attachment":[{"href":"https:\/\/infrawatt.ch\/fr\/wp-json\/wp\/v2\/media?parent=8210"}],"wp:term":[{"taxonomy":"category","embeddable":true,"href":"https:\/\/infrawatt.ch\/fr\/wp-json\/wp\/v2\/categories?post=8210"},{"taxonomy":"post_tag","embeddable":true,"href":"https:\/\/infrawatt.ch\/fr\/wp-json\/wp\/v2\/tags?post=8210"}],"curies":[{"name":"wp","href":"https:\/\/api.w.org\/{rel}","templated":true}]}}