{"id":8246,"date":"2026-03-04T08:59:30","date_gmt":"2026-03-04T08:59:30","guid":{"rendered":"https:\/\/infrawatt.ch\/?p=8246"},"modified":"2026-03-04T08:59:30","modified_gmt":"2026-03-04T08:59:30","slug":"un-grand-succes-pour-le-webinaire-infrawatt-sur-la-flexibilisation-des-stations-depuration","status":"publish","type":"post","link":"https:\/\/infrawatt.ch\/fr\/un-grand-succes-pour-le-webinaire-infrawatt-sur-la-flexibilisation-des-stations-depuration\/","title":{"rendered":"Un grand succ\u00e8s pour le webinaire InfraWatt sur la flexibilisation des stations d\u2019\u00e9puration"},"content":{"rendered":"<p>Le 12 f\u00e9vrier 2026, InfraWatt a organis\u00e9 le webinaire \u00ab Flexibilisation des stations d&rsquo;\u00e9puration \u00bb, consacr\u00e9 au potentiel de flexibilisation des stations d\u2019\u00e9puration (STEP). L\u2019\u00e9v\u00e9nement a rencontr\u00e9 un vif succ\u00e8s et a rassembl\u00e9 un grand nombre de participant\u00b7e\u00b7s issu\u00b7e\u00b7s des secteurs de l\u2019\u00e9nergie, de l\u2019exploitation des STEP, de l\u2019ing\u00e9nierie et des collectivit\u00e9s.<\/p>\n<p><strong>Un fort int\u00e9r\u00eat pour le r\u00f4le \u00e9nerg\u00e9tique des STEP<\/strong><\/p>\n<p>Le webinaire a mis en lumi\u00e8re le r\u00f4le cl\u00e9 que peuvent jouer les stations d\u2019\u00e9puration dans le syst\u00e8me \u00e9nerg\u00e9tique de demain. Au-del\u00e0 de l\u2019optimisation de leur propre consommation, les STEP disposent d\u2019un potentiel important pour :<\/p>\n<ul>\n<li>soutenir activement le r\u00e9seau \u00e9lectrique,<\/li>\n<li>fournir des services de flexibilit\u00e9,<\/li>\n<li>contribuer au d\u00e9veloppement des communaut\u00e9s \u00e9nerg\u00e9tiques locales,<\/li>\n<li>et ainsi participer concr\u00e8tement \u00e0 la transition \u00e9nerg\u00e9tique.<\/li>\n<\/ul>\n<p>Les \u00e9changes ont confirm\u00e9 l\u2019int\u00e9r\u00eat croissant du secteur pour des solutions concr\u00e8tes et \u00e9conomiquement viables.<\/p>\n<p><strong>Des interventions d\u2019experts et des retours d\u2019exp\u00e9rience inspirants<\/strong><\/p>\n<p>Le programme a propos\u00e9 \u00e0 la fois une introduction strat\u00e9gique et quelques exemples pratiques :<\/p>\n<ul>\n<li>Carsten Palkowski (InfraWatt) a assur\u00e9 l&rsquo;introduction et l&rsquo;animation et a pr\u00e9sent\u00e9 le projet pr\u00e9vu \u00ab Gestion de l&rsquo;\u00e9nergie dans les STEP \u00bb.<\/li>\n<li>Anna Steinegger (Hunziker Betatech) a pr\u00e9sent\u00e9 une introduction \u00e0 la gestion de l&rsquo;\u00e9nergie dans les STEP et a pr\u00e9sent\u00e9 les solutions de stockage comme un levier central pour augmenter la flexibilit\u00e9 \u00e9nerg\u00e9tique des STEP.<\/li>\n<li>Marcel Kn\u00f6pfel (Pflugshaupt Engineering) a donn\u00e9 un aper\u00e7u approfondi des syst\u00e8mes de stockage par batterie et a pr\u00e9sent\u00e9 des exemples pratiques.<\/li>\n<li>Roland Boller (AVA Morgental) a illustr\u00e9, \u00e0 l&rsquo;aide de l&rsquo;exemple pratique de la station d&rsquo;\u00e9puration de Morgental, comment une station d&rsquo;\u00e9puration peut devenir un v\u00e9ritable syst\u00e8me de stockage et de gestion de l&rsquo;\u00e9nergie. Il a soulign\u00e9 les opportunit\u00e9s \u00e9conomiques int\u00e9ressantes, mais aussi les obstacles et les difficult\u00e9s auxquels les stations d&rsquo;\u00e9puration doivent encore faire face.<\/li>\n<\/ul>\n<p>Les nombreuses questions et la participation active du public ont d\u00e9montr\u00e9 l\u2019importance du th\u00e8me et le besoin d\u2019\u00e9changes au sein de la branche.<\/p>\n<p><strong>Une \u00e9dition en fran\u00e7ais pr\u00e9vue prochainement<\/strong><\/p>\n<p>Au vu du succ\u00e8s de cette premi\u00e8re \u00e9dition en allemand et des retours tr\u00e8s positifs re\u00e7us, InfraWatt pr\u00e9pare actuellement une \u00e9dition en fran\u00e7ais, qui aura lieu prochainement.<\/p>\n<p>Les informations d\u00e9taill\u00e9es et la date seront communiqu\u00e9es prochainement sur nos canaux habituels.<\/p>\n<p>Nous remercions chaleureusement tous les intervenant\u00b7e\u00b7s et participant\u00b7e\u00b7s pour leur engagement et nous nous r\u00e9jouissons de poursuivre ensemble la r\u00e9flexion sur la flexibilisation des stations d\u2019\u00e9puration au service de la transition \u00e9nerg\u00e9tique.<\/p>\n<p>&nbsp;<\/p>\n<p>T\u00e9l\u00e9charger les pr\u00e9sentations :<\/p>\n<ul>\n<li><a href=\"https:\/\/infrawatt.ch\/wp-content\/uploads\/2026\/03\/Carsten-Palkowski-InfraWatt-Einfuehrung-und-Moderation.pdf\">Carsten Palkowski (InfraWatt)<\/a><\/li>\n<li><a href=\"https:\/\/infrawatt.ch\/wp-content\/uploads\/2026\/03\/Anna-Steinegger-Hunziker-Betatech-Speicher-im-Fokus-Mehr-Flexibilitaet-fuer-Energie-auf-ARA.pdf\">Anna Steinegger (Hunziker Betatech)\u00a0<\/a><\/li>\n<li><a href=\"https:\/\/infrawatt.ch\/wp-content\/uploads\/2026\/03\/Marcel-Knoepfel-Pflugshaupt-Engineering-Spare-in-der-Zeit-so-hast-du-in-der-Not.pdf\">Marcel Kn\u00f6pfel (Pflugshaupt Engineering)\u00a0<\/a><\/li>\n<li><a href=\"https:\/\/infrawatt.ch\/wp-content\/uploads\/2026\/03\/Roland-Boller-Pascal-Faeh-ARA-Morgental-Eigendeckung-oder-mehr-Chancen-und-Gefahren.pdf\">Pascal F\u00e4h (AVA Morgental)<\/a><\/li>\n<\/ul>\n","protected":false},"excerpt":{"rendered":"<p>Le 12 f\u00e9vrier 2026, InfraWatt a organis\u00e9 le webinaire \u00ab Flexibilisation des stations d&rsquo;\u00e9puration \u00bb, consacr\u00e9 au potentiel de flexibilisation des stations d\u2019\u00e9puration (STEP). L\u2019\u00e9v\u00e9nement a rencontr\u00e9 un vif succ\u00e8s et a rassembl\u00e9 un grand nombre de participant\u00b7e\u00b7s issu\u00b7e\u00b7s des secteurs de l\u2019\u00e9nergie, de l\u2019exploitation des STEP, de l\u2019ing\u00e9nierie et des collectivit\u00e9s. Un fort int\u00e9r\u00eat [&#8230;]<\/p>\n<p><a class=\"btn btn-secondary understrap-read-more-link\" href=\"https:\/\/infrawatt.ch\/fr\/un-grand-succes-pour-le-webinaire-infrawatt-sur-la-flexibilisation-des-stations-depuration\/\">Lire la suite\u2026<span class=\"screen-reader-text\"> from Un grand succ\u00e8s pour le webinaire InfraWatt sur la flexibilisation des stations d\u2019\u00e9puration<\/span><\/a><\/p>\n","protected":false},"author":11,"featured_media":8244,"comment_status":"open","ping_status":"open","sticky":false,"template":"","format":"standard","meta":{"_acf_changed":false,"footnotes":""},"categories":[95,61,114,66,92,96],"tags":[],"class_list":["post-8246","post","type-post","status-publish","format-standard","has-post-thumbnail","hentry","category-abwasser-fr","category-actualites-fr","category-article","category-eaux-usees-fr","category-mailchimp-fr","category-specifique-infrawatt-fr"],"acf":[],"_links":{"self":[{"href":"https:\/\/infrawatt.ch\/fr\/wp-json\/wp\/v2\/posts\/8246","targetHints":{"allow":["GET"]}}],"collection":[{"href":"https:\/\/infrawatt.ch\/fr\/wp-json\/wp\/v2\/posts"}],"about":[{"href":"https:\/\/infrawatt.ch\/fr\/wp-json\/wp\/v2\/types\/post"}],"author":[{"embeddable":true,"href":"https:\/\/infrawatt.ch\/fr\/wp-json\/wp\/v2\/users\/11"}],"replies":[{"embeddable":true,"href":"https:\/\/infrawatt.ch\/fr\/wp-json\/wp\/v2\/comments?post=8246"}],"version-history":[{"count":1,"href":"https:\/\/infrawatt.ch\/fr\/wp-json\/wp\/v2\/posts\/8246\/revisions"}],"predecessor-version":[{"id":8247,"href":"https:\/\/infrawatt.ch\/fr\/wp-json\/wp\/v2\/posts\/8246\/revisions\/8247"}],"wp:featuredmedia":[{"embeddable":true,"href":"https:\/\/infrawatt.ch\/fr\/wp-json\/wp\/v2\/media\/8244"}],"wp:attachment":[{"href":"https:\/\/infrawatt.ch\/fr\/wp-json\/wp\/v2\/media?parent=8246"}],"wp:term":[{"taxonomy":"category","embeddable":true,"href":"https:\/\/infrawatt.ch\/fr\/wp-json\/wp\/v2\/categories?post=8246"},{"taxonomy":"post_tag","embeddable":true,"href":"https:\/\/infrawatt.ch\/fr\/wp-json\/wp\/v2\/tags?post=8246"}],"curies":[{"name":"wp","href":"https:\/\/api.w.org\/{rel}","templated":true}]}}