{"id":8265,"date":"2026-03-19T09:31:37","date_gmt":"2026-03-19T09:31:37","guid":{"rendered":"https:\/\/infrawatt.ch\/?p=8265"},"modified":"2026-03-24T15:24:46","modified_gmt":"2026-03-24T15:24:46","slug":"assemblee-generale-infrawatt-2-juin-2026-a-berne","status":"publish","type":"post","link":"https:\/\/infrawatt.ch\/fr\/assemblee-generale-infrawatt-2-juin-2026-a-berne\/","title":{"rendered":"Assembl\u00e9e g\u00e9n\u00e9rale InfraWatt \u2013 2 juin 2026 \u00e0 Berne"},"content":{"rendered":"<p><strong>Quelle qualit\u00e9 pour notre chaleur ?<\/strong><\/p>\n<p>Dans un contexte de transition \u00e9nerg\u00e9tique acc\u00e9l\u00e9r\u00e9e, la question de la qualit\u00e9 de la chaleur devient centrale. Que signifie r\u00e9ellement une chaleur renouvelable, sans CO\u2082 ou durable ? Comment r\u00e9pondre aux attentes des clients tout en respectant les objectifs climatiques et les cadres r\u00e9glementaires ?<\/p>\n<p>L\u2019Assembl\u00e9e g\u00e9n\u00e9rale d\u2019InfraWatt sera l\u2019occasion d\u2019aborder ces enjeux cl\u00e9s et d\u2019ouvrir le dialogue entre les diff\u00e9rents acteurs du secteur.<\/p>\n<p><strong>Un moment d\u2019\u00e9change et de r\u00e9flexion<\/strong><\/p>\n<p>Cet \u00e9v\u00e9nement r\u00e9unira professionnels, autorit\u00e9s et partenaires autour des d\u00e9fis actuels li\u00e9s \u00e0 la d\u00e9carbonation de la chaleur : \u00e9volution des attentes, cadres r\u00e9glementaires, innovations technologiques et r\u00f4le des infrastructures \u00e9nerg\u00e9tiques.<\/p>\n<p>L\u2019objectif : mieux comprendre les derni\u00e8res \u00e9volutions, aligner les visions et construire ensemble des solutions concr\u00e8tes pour atteindre le net z\u00e9ro.<\/p>\n<p>Dans ce cadre, nous vous proposons, de nous faire part de vos questions concr\u00e8tes, des points que vous aimeriez voir abord\u00e9s ou des personnes que vous aimeriez entendre concernant ces sujets. Nous les prendrons volontiers en compte dans la d\u00e9finition du programme.<\/p>\n<p><span style=\"background-color: #a70e13; color: #ffffff;\"> \u00a0\u00a0\u00a0<strong>\u00a0\u00a0&gt;&gt;<a style=\"color: #ffffff;\" href=\"https:\/\/framaforms.org\/sujets-pour-lag-themen-fur-die-gv-punti-allordine-del-giorno-dellag-1773910960\">Vos sujets \/ th\u00e8mes pour l&rsquo;AG<\/a>&lt;&lt;\u00a0\u00a0<\/strong>\u00a0\u00a0\u00a0<\/span><\/p>\n<p>Nous nous r\u00e9jouissons de vous accueillir \u00e0 Berne pour cette discussion essentielle.<\/p>\n<p><strong>Informations pratiques<\/strong><\/p>\n<ul>\n<li>Date : 2 juin 2026<\/li>\n<li>Horaire : 16h30 \u2013 18h00 puis ap\u00e9ro dinatoire jusqu\u2019\u00e0 19h30<\/li>\n<li>Lieu : ewb Generatoren Raum, Altes Kraftwerk Matte<br \/>\nWasserwerkgasse 15, 3011 Berne<\/li>\n<\/ul>\n<p>&nbsp;<\/p>\n<p><a style=\"color: #ffffff;\" href=\"https:\/\/infrawatt.ch\/fr\/eventspost\/assemblee-generale-infrawatt-2026\/\"><span style=\"background-color: #f9f6ee;\"><strong>\u00a0\u00a0\u00a0\u00a0\u00a0Pour vous inscrire \u00e0 l&rsquo;AG, veuillez cliquer ici\u00a0\u00a0\u00a0\u00a0\u00a0<\/strong><\/span><\/a><\/p>\n","protected":false},"excerpt":{"rendered":"<p>Quelle qualit\u00e9 pour notre chaleur ? Dans un contexte de transition \u00e9nerg\u00e9tique acc\u00e9l\u00e9r\u00e9e, la question de la qualit\u00e9 de la chaleur devient centrale. Que signifie r\u00e9ellement une chaleur renouvelable, sans CO\u2082 ou durable ? Comment r\u00e9pondre aux attentes des clients tout en respectant les objectifs climatiques et les cadres r\u00e9glementaires ? L\u2019Assembl\u00e9e g\u00e9n\u00e9rale d\u2019InfraWatt sera [&#8230;]<\/p>\n<p><a class=\"btn btn-secondary understrap-read-more-link\" href=\"https:\/\/infrawatt.ch\/fr\/assemblee-generale-infrawatt-2-juin-2026-a-berne\/\">Lire la suite\u2026<span class=\"screen-reader-text\"> from Assembl\u00e9e g\u00e9n\u00e9rale InfraWatt \u2013 2 juin 2026 \u00e0 Berne<\/span><\/a><\/p>\n","protected":false},"author":11,"featured_media":8291,"comment_status":"open","ping_status":"open","sticky":false,"template":"","format":"standard","meta":{"_acf_changed":false,"footnotes":""},"categories":[94,61,67,92,96],"tags":[],"class_list":["post-8265","post","type-post","status-publish","format-standard","has-post-thumbnail","hentry","category-abwaerme-fr","category-actualites-fr","category-chaleur-residuelle-fr","category-mailchimp-fr","category-specifique-infrawatt-fr"],"acf":[],"_links":{"self":[{"href":"https:\/\/infrawatt.ch\/fr\/wp-json\/wp\/v2\/posts\/8265","targetHints":{"allow":["GET"]}}],"collection":[{"href":"https:\/\/infrawatt.ch\/fr\/wp-json\/wp\/v2\/posts"}],"about":[{"href":"https:\/\/infrawatt.ch\/fr\/wp-json\/wp\/v2\/types\/post"}],"author":[{"embeddable":true,"href":"https:\/\/infrawatt.ch\/fr\/wp-json\/wp\/v2\/users\/11"}],"replies":[{"embeddable":true,"href":"https:\/\/infrawatt.ch\/fr\/wp-json\/wp\/v2\/comments?post=8265"}],"version-history":[{"count":6,"href":"https:\/\/infrawatt.ch\/fr\/wp-json\/wp\/v2\/posts\/8265\/revisions"}],"predecessor-version":[{"id":8292,"href":"https:\/\/infrawatt.ch\/fr\/wp-json\/wp\/v2\/posts\/8265\/revisions\/8292"}],"wp:featuredmedia":[{"embeddable":true,"href":"https:\/\/infrawatt.ch\/fr\/wp-json\/wp\/v2\/media\/8291"}],"wp:attachment":[{"href":"https:\/\/infrawatt.ch\/fr\/wp-json\/wp\/v2\/media?parent=8265"}],"wp:term":[{"taxonomy":"category","embeddable":true,"href":"https:\/\/infrawatt.ch\/fr\/wp-json\/wp\/v2\/categories?post=8265"},{"taxonomy":"post_tag","embeddable":true,"href":"https:\/\/infrawatt.ch\/fr\/wp-json\/wp\/v2\/tags?post=8265"}],"curies":[{"name":"wp","href":"https:\/\/api.w.org\/{rel}","templated":true}]}}