{"id":8384,"date":"2026-06-20T08:38:48","date_gmt":"2026-06-20T08:38:48","guid":{"rendered":"https:\/\/infrawatt.ch\/?p=8384"},"modified":"2026-07-02T08:39:06","modified_gmt":"2026-07-02T08:39:06","slug":"assemblee-generale-2-juin-2026","status":"publish","type":"post","link":"https:\/\/infrawatt.ch\/fr\/assemblee-generale-2-juin-2026\/","title":{"rendered":"Assembl\u00e9e g\u00e9n\u00e9rale &#8211; 2 juin 2026"},"content":{"rendered":"<p>Le 2 juin 2026, les membres d\u2019InfraWatt se sont r\u00e9unis \u00e0 Berne pour l\u2019assembl\u00e9e g\u00e9n\u00e9rale annuelle de l\u2019association.<\/p>\n<p>Au-del\u00e0 de la partie statutaire, cette rencontre a \u00e9t\u00e9 l\u2019occasion d\u2019aborder un th\u00e8me particuli\u00e8rement actuel : la \u00ab qualit\u00e9 \u00bb de la chaleur produite et distribu\u00e9e par nos infrastructures. Dans un contexte marqu\u00e9 par les discussions sur les facteurs d\u2019\u00e9mission des r\u00e9seaux thermiques, en particulier lorsqu\u2019ils valorisent la chaleur r\u00e9siduelle des UVTD, par la publication de la nouvelle <a href=\"https:\/\/www.bafu.admin.ch\/fr\/aide-a-l-execution-lcd\">aide \u00e0 l\u2019ex\u00e9cution de l\u2019OFEV sur les indications climatiques<\/a>, ainsi que par les avanc\u00e9es encore limit\u00e9es en mati\u00e8re de financement des solutions de capture et de stockage du carbone, les \u00e9changes ont \u00e9t\u00e9 riches et tr\u00e8s concrets.<\/p>\n<p>Notre pr\u00e9sident, Stefan M\u00fcller-Altermatt, a apport\u00e9 son \u00e9clairage politique sur ces enjeux. Andreas Hurni a pr\u00e9sent\u00e9 les \u00e9volutions actuelles pour les op\u00e9rateurs de r\u00e9seaux thermiques. Andres Kronenberg a d\u00e9crypt\u00e9 l\u2019aide \u00e0 l\u2019ex\u00e9cution de l\u2019OFEV, tandis que Carsten Palkowski a pr\u00e9sent\u00e9 les subventions disponibles ainsi que les activit\u00e9s d\u2019InfraWatt dans ce domaine.<\/p>\n<p>Les ateliers organis\u00e9s en petits groupes ont ensuite permis d\u2019approfondir plusieurs questions cl\u00e9s. Les participants ont notamment r\u00e9fl\u00e9chi \u00e0 la mani\u00e8re de communiquer de fa\u00e7on positive et pr\u00e9cise sur la chaleur issue de nos infrastructures, sans recourir \u00e0 des formulations encadr\u00e9es par l\u2019aide \u00e0 l\u2019ex\u00e9cution. Ils ont \u00e9galement discut\u00e9 de l\u2019int\u00e9r\u00eat, de la n\u00e9cessit\u00e9 et de la faisabilit\u00e9, pour les op\u00e9rateurs de r\u00e9seaux thermiques et d\u2019UVTD, d\u2019\u00e9laborer des feuilles de route z\u00e9ro \u00e9mission. Ces \u00e9changes ont permis d\u2019identifier plusieurs pistes d\u2019action concr\u00e8tes pour InfraWatt.<\/p>\n<p>La soir\u00e9e s\u2019est conclue par un ap\u00e9ritif convivial, propice \u00e0 la poursuite des discussions et au renforcement des liens entre les membres. Un grand merci \u00e0 toutes les personnes pr\u00e9sentes pour leur participation active et la qualit\u00e9 des \u00e9changes.<\/p>\n<p>&nbsp;<\/p>\n","protected":false},"excerpt":{"rendered":"<p>Le 2 juin 2026, les membres d\u2019InfraWatt se sont r\u00e9unis \u00e0 Berne pour l\u2019assembl\u00e9e g\u00e9n\u00e9rale annuelle de l\u2019association. Au-del\u00e0 de la partie statutaire, cette rencontre a \u00e9t\u00e9 l\u2019occasion d\u2019aborder un th\u00e8me particuli\u00e8rement actuel : la \u00ab qualit\u00e9 \u00bb de la chaleur produite et distribu\u00e9e par nos infrastructures. Dans un contexte marqu\u00e9 par les discussions sur [&#8230;]<\/p>\n<p><a class=\"btn btn-secondary understrap-read-more-link\" href=\"https:\/\/infrawatt.ch\/fr\/assemblee-generale-2-juin-2026\/\">Lire la suite\u2026<span class=\"screen-reader-text\"> from Assembl\u00e9e g\u00e9n\u00e9rale &#8211; 2 juin 2026<\/span><\/a><\/p>\n","protected":false},"author":11,"featured_media":8382,"comment_status":"open","ping_status":"open","sticky":false,"template":"","format":"standard","meta":{"_acf_changed":false,"footnotes":""},"categories":[61,114,92,96],"tags":[],"class_list":["post-8384","post","type-post","status-publish","format-standard","has-post-thumbnail","hentry","category-actualites-fr","category-article","category-mailchimp-fr","category-specifique-infrawatt-fr"],"acf":[],"_links":{"self":[{"href":"https:\/\/infrawatt.ch\/fr\/wp-json\/wp\/v2\/posts\/8384","targetHints":{"allow":["GET"]}}],"collection":[{"href":"https:\/\/infrawatt.ch\/fr\/wp-json\/wp\/v2\/posts"}],"about":[{"href":"https:\/\/infrawatt.ch\/fr\/wp-json\/wp\/v2\/types\/post"}],"author":[{"embeddable":true,"href":"https:\/\/infrawatt.ch\/fr\/wp-json\/wp\/v2\/users\/11"}],"replies":[{"embeddable":true,"href":"https:\/\/infrawatt.ch\/fr\/wp-json\/wp\/v2\/comments?post=8384"}],"version-history":[{"count":2,"href":"https:\/\/infrawatt.ch\/fr\/wp-json\/wp\/v2\/posts\/8384\/revisions"}],"predecessor-version":[{"id":8386,"href":"https:\/\/infrawatt.ch\/fr\/wp-json\/wp\/v2\/posts\/8384\/revisions\/8386"}],"wp:featuredmedia":[{"embeddable":true,"href":"https:\/\/infrawatt.ch\/fr\/wp-json\/wp\/v2\/media\/8382"}],"wp:attachment":[{"href":"https:\/\/infrawatt.ch\/fr\/wp-json\/wp\/v2\/media?parent=8384"}],"wp:term":[{"taxonomy":"category","embeddable":true,"href":"https:\/\/infrawatt.ch\/fr\/wp-json\/wp\/v2\/categories?post=8384"},{"taxonomy":"post_tag","embeddable":true,"href":"https:\/\/infrawatt.ch\/fr\/wp-json\/wp\/v2\/tags?post=8384"}],"curies":[{"name":"wp","href":"https:\/\/api.w.org\/{rel}","templated":true}]}}