{"id":8451,"date":"2026-08-27T10:55:16","date_gmt":"2026-08-27T10:55:16","guid":{"rendered":"https:\/\/infrawatt.ch\/?p=8451"},"modified":"2026-08-27T10:55:16","modified_gmt":"2026-08-27T10:55:16","slug":"une-nouvelle-etape-pour-kenova-a-zuchwil","status":"publish","type":"post","link":"https:\/\/infrawatt.ch\/fr\/une-nouvelle-etape-pour-kenova-a-zuchwil\/","title":{"rendered":"Une nouvelle \u00e9tape pour Kenova \u00e0 Zuchwil"},"content":{"rendered":"<p>\u00c0 l\u2019occasion de l\u2019inauguration de la nouvelle installation de Kenova, notre pr\u00e9sident Stefan M\u00fcller-Altermatt a pris la parole aux c\u00f4t\u00e9s du conseiller f\u00e9d\u00e9ral Albert R\u00f6sti et de la conseill\u00e8re d\u2019\u00c9tat Sandra Kolly.<\/p>\n<p>Dans son discours, il a rappel\u00e9 le changement de cap port\u00e9 par InfraWatt : ne pas consid\u00e9rer les nouvelles missions des infrastructures comme des contraintes, mais comme une v\u00e9ritable responsabilit\u00e9 et une opportunit\u00e9 d\u2019agir.<\/p>\n<p>En savoir plus sur notre approche de la d\u00e9carbonation\u00a0: https:\/\/infrawatt.ch\/fr\/dekarbonisierung\/<\/p>\n<p>Captage et stockage du CO\u2082 (CCS), r\u00e9cup\u00e9ration du zinc, recyclage du phosphore, valorisation des ressources : ces solutions demandent des investissements, de la coordination et une vision \u00e0 long terme. Mais elles permettent aussi de r\u00e9duire notre d\u00e9pendance aux mati\u00e8res premi\u00e8res, de pr\u00e9server les ressources et de renforcer la r\u00e9silience de la Suisse.<\/p>\n<p>Kenova fait partie de ces acteurs qui choisissent d\u2019avancer et d\u2019investir dans les solutions de demain.<\/p>\n<p>Toutes nos f\u00e9licitations pour cette nouvelle installation et merci pour cet engagement.<\/p>\n","protected":false},"excerpt":{"rendered":"<p>\u00c0 l\u2019occasion de l\u2019inauguration de la nouvelle installation de Kenova, notre pr\u00e9sident Stefan M\u00fcller-Altermatt a pris la parole aux c\u00f4t\u00e9s du conseiller f\u00e9d\u00e9ral Albert R\u00f6sti et de la conseill\u00e8re d\u2019\u00c9tat Sandra Kolly. Dans son discours, il a rappel\u00e9 le changement de cap port\u00e9 par InfraWatt : ne pas consid\u00e9rer les nouvelles missions des infrastructures comme [&#8230;]<\/p>\n<p><a class=\"btn btn-secondary understrap-read-more-link\" href=\"https:\/\/infrawatt.ch\/fr\/une-nouvelle-etape-pour-kenova-a-zuchwil\/\">Lire la suite\u2026<span class=\"screen-reader-text\"> from Une nouvelle \u00e9tape pour Kenova \u00e0 Zuchwil<\/span><\/a><\/p>\n","protected":false},"author":11,"featured_media":8449,"comment_status":"open","ping_status":"open","sticky":false,"template":"","format":"standard","meta":{"_acf_changed":false,"footnotes":""},"categories":[61,114,92,96],"tags":[],"class_list":["post-8451","post","type-post","status-publish","format-standard","has-post-thumbnail","hentry","category-actualites-fr","category-article","category-mailchimp-fr","category-specifique-infrawatt-fr"],"acf":[],"_links":{"self":[{"href":"https:\/\/infrawatt.ch\/fr\/wp-json\/wp\/v2\/posts\/8451","targetHints":{"allow":["GET"]}}],"collection":[{"href":"https:\/\/infrawatt.ch\/fr\/wp-json\/wp\/v2\/posts"}],"about":[{"href":"https:\/\/infrawatt.ch\/fr\/wp-json\/wp\/v2\/types\/post"}],"author":[{"embeddable":true,"href":"https:\/\/infrawatt.ch\/fr\/wp-json\/wp\/v2\/users\/11"}],"replies":[{"embeddable":true,"href":"https:\/\/infrawatt.ch\/fr\/wp-json\/wp\/v2\/comments?post=8451"}],"version-history":[{"count":1,"href":"https:\/\/infrawatt.ch\/fr\/wp-json\/wp\/v2\/posts\/8451\/revisions"}],"predecessor-version":[{"id":8452,"href":"https:\/\/infrawatt.ch\/fr\/wp-json\/wp\/v2\/posts\/8451\/revisions\/8452"}],"wp:featuredmedia":[{"embeddable":true,"href":"https:\/\/infrawatt.ch\/fr\/wp-json\/wp\/v2\/media\/8449"}],"wp:attachment":[{"href":"https:\/\/infrawatt.ch\/fr\/wp-json\/wp\/v2\/media?parent=8451"}],"wp:term":[{"taxonomy":"category","embeddable":true,"href":"https:\/\/infrawatt.ch\/fr\/wp-json\/wp\/v2\/categories?post=8451"},{"taxonomy":"post_tag","embeddable":true,"href":"https:\/\/infrawatt.ch\/fr\/wp-json\/wp\/v2\/tags?post=8451"}],"curies":[{"name":"wp","href":"https:\/\/api.w.org\/{rel}","templated":true}]}}