{"id":3190,"date":"2023-03-15T09:12:56","date_gmt":"2023-03-15T09:12:56","guid":{"rendered":"https:\/\/infrawatt.ch\/?p=3190"},"modified":"2023-06-28T07:52:54","modified_gmt":"2023-06-28T07:52:54","slug":"le-decret-sur-le-manteau-energetique-est-sous-pression-apres-le-premier-tour-du-parlement","status":"publish","type":"post","link":"https:\/\/infrawatt.ch\/it\/le-decret-sur-le-manteau-energetique-est-sous-pression-apres-le-premier-tour-du-parlement\/","title":{"rendered":"Le d\u00e9cret sur le manteau \u00e9nerg\u00e9tique est sous pression apr\u00e8s le premier tour du Parlement"},"content":{"rendered":"<p>Il Parlamento vuole accelerare l&#8217;espansione delle fonti energetiche nazionali. <a href=\"https:\/\/www.parlament.ch\/de\/services\/news\/Seiten\/2023\/20230315133958622194158159038_bsd103.aspx\" target=\"_blank\" rel=\"noopener\">Dopo il primo giro di consultazioni<\/a> sul cosiddetto decreto &#8220;giacca&#8221;, restano aperte importanti questioni. Continua la ricerca di un compromesso di maggioranza tra interessi di utilit\u00e0 e di protezione.<\/p>\n<p>La Commissione per l&#8217;ambiente, la pianificazione territoriale e l&#8217;energia del Consiglio nazionale aveva elaborato in anticipo un compromesso tra imprese e ambientalisti. La Camera grande ha seguito in larga misura le loro proposte. Solo raramente le mozioni di una minoranza commissionale o le mozioni individuali hanno prevalso in plenaria. Queste eccezioni, tuttavia, hanno suscitato reazioni critiche da vari settori politici.<\/p>\n<p>Il Consiglio nazionale ha anche preso decisioni a favore della protezione dell&#8217;ambiente. Ad esempio, gli impianti per l&#8217;utilizzo di energie rinnovabili nei biotopi di importanza nazionale e nelle riserve idriche e di uccelli migratori dovrebbero continuare a essere esclusi. La Camera alta ha cos\u00ec corretto una decisione del Consiglio degli Stati.<\/p>\n<p>Come il Consiglio degli Stati, anche il Consiglio nazionale si concentra sull&#8217;attuazione dei 15 progetti idroelettrici prioritari della Tavola rotonda. L&#8217;obiettivo \u00e8 aumentare la sicurezza dell&#8217;approvvigionamento in inverno. Per garantire che i progetti possano essere realizzati il pi\u00f9 rapidamente possibile, le procedure devono essere accelerate. L&#8217;obbligo di pianificazione dovrebbe valere solo per i progetti in una nuova localit\u00e0, e anche in questo caso l&#8217;obbligo \u00e8 limitato al piano strutturale. L&#8217;interesse alla realizzazione ha fondamentalmente la precedenza su altri interessi di importanza nazionale. Anche le associazioni ambientaliste sono d&#8217;accordo, perch\u00e9 rimane possibile una ponderazione degli interessi. Sono previste anche misure compensative aggiuntive per la tutela del paesaggio e della biodiversit\u00e0.<\/p>\n<p>Il progetto di legge torna ora al Consiglio degli Stati per risolvere le numerose divergenze.<\/p>\n","protected":false},"excerpt":{"rendered":"<p>Il Parlamento vuole accelerare l&#8217;espansione delle fonti energetiche nazionali. Dopo il primo giro di consultazioni sul cosiddetto decreto &#8220;giacca&#8221;, restano aperte importanti questioni. Continua la ricerca di un compromesso di maggioranza tra interessi di utilit\u00e0 e di protezione. La Commissione per l&#8217;ambiente, la pianificazione territoriale e l&#8217;energia del Consiglio nazionale aveva elaborato in anticipo un [&#8230;]<\/p>\n<p><a class=\"btn btn-secondary understrap-read-more-link\" href=\"https:\/\/infrawatt.ch\/it\/le-decret-sur-le-manteau-energetique-est-sous-pression-apres-le-premier-tour-du-parlement\/\">Leggi di pi\u00f9&#8230;<span class=\"screen-reader-text\"> from Le d\u00e9cret sur le manteau \u00e9nerg\u00e9tique est sous pression apr\u00e8s le premier tour du Parlement<\/span><\/a><\/p>\n","protected":false},"author":1,"featured_media":2728,"comment_status":"closed","ping_status":"closed","sticky":false,"template":"","format":"standard","meta":{"_acf_changed":false,"footnotes":""},"categories":[76,75,74,77,73],"tags":[],"class_list":["post-3190","post","type-post","status-publish","format-standard","has-post-thumbnail","hentry","category-trinkwasser-it","category-acque-reflue-it","category-calore-residuo-it","category-news-it","category-rifiuti-it"],"acf":[],"_links":{"self":[{"href":"https:\/\/infrawatt.ch\/it\/wp-json\/wp\/v2\/posts\/3190","targetHints":{"allow":["GET"]}}],"collection":[{"href":"https:\/\/infrawatt.ch\/it\/wp-json\/wp\/v2\/posts"}],"about":[{"href":"https:\/\/infrawatt.ch\/it\/wp-json\/wp\/v2\/types\/post"}],"author":[{"embeddable":true,"href":"https:\/\/infrawatt.ch\/it\/wp-json\/wp\/v2\/users\/1"}],"replies":[{"embeddable":true,"href":"https:\/\/infrawatt.ch\/it\/wp-json\/wp\/v2\/comments?post=3190"}],"version-history":[{"count":1,"href":"https:\/\/infrawatt.ch\/it\/wp-json\/wp\/v2\/posts\/3190\/revisions"}],"predecessor-version":[{"id":3191,"href":"https:\/\/infrawatt.ch\/it\/wp-json\/wp\/v2\/posts\/3190\/revisions\/3191"}],"wp:featuredmedia":[{"embeddable":true,"href":"https:\/\/infrawatt.ch\/it\/wp-json\/wp\/v2\/media\/2728"}],"wp:attachment":[{"href":"https:\/\/infrawatt.ch\/it\/wp-json\/wp\/v2\/media?parent=3190"}],"wp:term":[{"taxonomy":"category","embeddable":true,"href":"https:\/\/infrawatt.ch\/it\/wp-json\/wp\/v2\/categories?post=3190"},{"taxonomy":"post_tag","embeddable":true,"href":"https:\/\/infrawatt.ch\/it\/wp-json\/wp\/v2\/tags?post=3190"}],"curies":[{"name":"wp","href":"https:\/\/api.w.org\/{rel}","templated":true}]}}