{"id":3265,"date":"2023-06-15T08:44:23","date_gmt":"2023-06-15T08:44:23","guid":{"rendered":"https:\/\/infrawatt.ch\/?p=3265"},"modified":"2023-06-16T07:58:49","modified_gmt":"2023-06-16T07:58:49","slug":"katrin-schneeberger-direttrice-dellufam-riconosce-gli-sforzi-climatici-degli-impianti-di-infrastrutture","status":"publish","type":"post","link":"https:\/\/infrawatt.ch\/it\/katrin-schneeberger-direttrice-dellufam-riconosce-gli-sforzi-climatici-degli-impianti-di-infrastrutture\/","title":{"rendered":"Katrin Schneeberger, direttrice dell&#8217;UFAM, riconosce gli sforzi climatici degli impianti di infrastrutture"},"content":{"rendered":"<p>L&#8217;assemblea generale annuale di InfraWatt si \u00e8 svolta in una cornice storica, proprio sulle rive del fiume Aare a Berna. Katrin Schneeberger, direttrice dell&#8217;UFAM, ha presentato i temi principali del suo ufficio federale e le interfacce con InfraWatt. Ha consegnato ad Andreas Hirt di Energie Service Biel\/Bienne ESB il <a href=\"https:\/\/infrawatt.ch\/it\/news\/innovationspreis-2023-im-bereich-trinkwasser\/\" target=\"_blank\" rel=\"noopener\">premio InfraWatt per l&#8217;innovazione 2023 nel settore dell&#8217;acqua potabile<\/a> per il progetto &#8220;Impianto idrico del lago di Ipsach &#8211; recupero energetico nell&#8217;osmosi inversa&#8221;.<\/p>\n<p>Il presidente di InfraWatt Stefan M\u00fcller-Altermatt \u00e8 riuscito a ottenere la presenza di Katrin Schneeberger, direttrice dell&#8217;Ufficio federale dell&#8217;ambiente (UFAM), come ospite. Nella sua presentazione ha dimostrato che lo sviluppo delle energie rinnovabili e delle reti termiche sono i presupposti fondamentali per raggiungere l&#8217;obiettivo &#8220;net zero&#8221; del Consiglio federale. In questo modo, InfraWatt e le aziende che ne fanno parte possono dare un importante contributo agli obiettivi della Legge sul clima e l&#8217;innovazione, oltre ad essere attori chiave nel processo di decarbonizzazione con <a href=\"https:\/\/infrawatt.ch\/it\/fachgebiete\/abfall\/\" target=\"_blank\" rel=\"noopener\">IIRU<\/a>, <a href=\"https:\/\/infrawatt.ch\/it\/fachgebiete\/abwasser\/\" target=\"_blank\" rel=\"noopener\">IDA<\/a> et <a href=\"https:\/\/infrawatt.ch\/it\/fachgebiete\/abwaerme\/\" target=\"_blank\" rel=\"noopener\">reti termiche<\/a>.<\/p>\n<p><a href=\"https:\/\/infrawatt.ch\/wp-content\/uploads\/2023\/06\/Der-Weg-zu-Netto-Null-eine-Gemeinschaftsaufgabe_Referat-von-BAFU-Direktorin-Katrin-Schneeberger-GV-InfraWatt-6.6.2023.pdf\" target=\"_blank\" rel=\"noopener\">Der Weg zu Netto-Null &#8211; eine Gemeinschaftsaufgabe_Referat von BAFU-Direktorin Katrin Schneeberger, GV InfraWatt, 6.6.2023<\/a><\/p>\n<p>La decarbonizzazione e la cattura e lo stoccaggio di CO2 (CCS\/NET) stanno diventando temi sempre pi\u00f9 importanti. Offrono nuove opportunit\u00e0 per il settore delle installazioni infrastrutturali. InfraWatt \u00e8 rappresentata dal suo vicepresidente Andres Kronenberg (Ramboll AG) nel gruppo di lavoro Cattura e stoccaggio del CO2 dell&#8217;UFAM (CCS\/NET WG) e partecipa attivamente alla definizione della futura gestione di CCS\/NET. I settori rappresentati da InfraWatt si stanno preparando all&#8217;utilizzo di CCS\/NET, ma le condizioni generali devono ancora essere chiarite a livello nazionale e cantonale. Queste includono, ad esempio, l&#8217;accesso garantito a lungo termine ai siti di stoccaggio di CO2 nello Spazio Economico Europeo, una soluzione di conduttura nazionale (attualmente di competenza dei Cantoni, la responsabilit\u00e0 federale richiederebbe una base costituzionale) o anche la base legale per il finanziamento dei costi di CCS\/NET. Anche in questo caso sarebbero necessarie basi giuridiche cantonali. InfraWatt sta lavorando a proposte di soluzioni di finanziamento insieme alle parti interessate coinvolte nel gruppo di lavoro CCS\/NET.<\/p>\n<p><a href=\"https:\/\/www.picdrop.com\/evekohler\/Pmf4YR9kxW\" target=\"_blank\" rel=\"noopener\">Clicca qui per la galleria fotografica dell&#8217;incontro!<\/a><\/p>\n","protected":false},"excerpt":{"rendered":"<p>L&#8217;assemblea generale annuale di InfraWatt si \u00e8 svolta in una cornice storica, proprio sulle rive del fiume Aare a Berna. Katrin Schneeberger, direttrice dell&#8217;UFAM, ha presentato i temi principali del suo ufficio federale e le interfacce con InfraWatt. Ha consegnato ad Andreas Hirt di Energie Service Biel\/Bienne ESB il premio InfraWatt per l&#8217;innovazione 2023 nel [&#8230;]<\/p>\n<p><a class=\"btn btn-secondary understrap-read-more-link\" href=\"https:\/\/infrawatt.ch\/it\/katrin-schneeberger-direttrice-dellufam-riconosce-gli-sforzi-climatici-degli-impianti-di-infrastrutture\/\">Leggi di pi\u00f9&#8230;<span class=\"screen-reader-text\"> from Katrin Schneeberger, direttrice dell&#8217;UFAM, riconosce gli sforzi climatici degli impianti di infrastrutture<\/span><\/a><\/p>\n","protected":false},"author":1,"featured_media":3137,"comment_status":"closed","ping_status":"closed","sticky":false,"template":"","format":"standard","meta":{"_acf_changed":false,"footnotes":""},"categories":[76,75,74,77,73],"tags":[],"class_list":["post-3265","post","type-post","status-publish","format-standard","has-post-thumbnail","hentry","category-trinkwasser-it","category-acque-reflue-it","category-calore-residuo-it","category-news-it","category-rifiuti-it"],"acf":[],"_links":{"self":[{"href":"https:\/\/infrawatt.ch\/it\/wp-json\/wp\/v2\/posts\/3265","targetHints":{"allow":["GET"]}}],"collection":[{"href":"https:\/\/infrawatt.ch\/it\/wp-json\/wp\/v2\/posts"}],"about":[{"href":"https:\/\/infrawatt.ch\/it\/wp-json\/wp\/v2\/types\/post"}],"author":[{"embeddable":true,"href":"https:\/\/infrawatt.ch\/it\/wp-json\/wp\/v2\/users\/1"}],"replies":[{"embeddable":true,"href":"https:\/\/infrawatt.ch\/it\/wp-json\/wp\/v2\/comments?post=3265"}],"version-history":[{"count":1,"href":"https:\/\/infrawatt.ch\/it\/wp-json\/wp\/v2\/posts\/3265\/revisions"}],"predecessor-version":[{"id":3266,"href":"https:\/\/infrawatt.ch\/it\/wp-json\/wp\/v2\/posts\/3265\/revisions\/3266"}],"wp:featuredmedia":[{"embeddable":true,"href":"https:\/\/infrawatt.ch\/it\/wp-json\/wp\/v2\/media\/3137"}],"wp:attachment":[{"href":"https:\/\/infrawatt.ch\/it\/wp-json\/wp\/v2\/media?parent=3265"}],"wp:term":[{"taxonomy":"category","embeddable":true,"href":"https:\/\/infrawatt.ch\/it\/wp-json\/wp\/v2\/categories?post=3265"},{"taxonomy":"post_tag","embeddable":true,"href":"https:\/\/infrawatt.ch\/it\/wp-json\/wp\/v2\/tags?post=3265"}],"curies":[{"name":"wp","href":"https:\/\/api.w.org\/{rel}","templated":true}]}}