{"id":3936,"date":"2023-08-29T06:52:40","date_gmt":"2023-08-29T06:52:40","guid":{"rendered":"https:\/\/infrawatt.ch\/?p=3936"},"modified":"2023-08-29T06:58:06","modified_gmt":"2023-08-29T06:58:06","slug":"wwz-espande-il-business-del-teleriscaldamento","status":"publish","type":"post","link":"https:\/\/infrawatt.ch\/it\/wwz-espande-il-business-del-teleriscaldamento\/","title":{"rendered":"WWZ espande il business del teleriscaldamento"},"content":{"rendered":"\r\n<p>Il Gruppo <a href=\"https:\/\/www.wwz.ch\/de\/ueber-wwz\/medien\/2023\/erstes-halbjahr-2023\" target=\"_blank\" rel=\"noopener\">WWZ<\/a> osserva un aumento della domanda di teleriscaldamento e raffreddamento. L&#8217;area di business corrispondente ha aumentato le vendite del 15% rispetto all&#8217;anno precedente nella prima met\u00e0 del 2023, informa il fornitore di energia, telecomunicazioni e acqua con sede a Zugo in un <a href=\"https:\/\/www.wwz.ch\/de\/ueber-wwz\/medien\/2023\/erstes-halbjahr-2023\" target=\"_blank\" rel=\"noopener\">comunicato<\/a>. Nel semestre in esame, il gruppo ha potuto collegare altri immobili alle reti energetiche Circulago ed Ennetsee. In futuro, WWZ prevede di espandere ulteriormente questo promettente settore di attivit\u00e0. A Steinhausen \u00e8 gi\u00e0 stato realizzato uno studio di fattibilit\u00e0 per una rete di riscaldamento e il gruppo sta attualmente lavorando a uno studio corrispondente con il comune di Baar. Gli investimenti nel teleriscaldamento e nel teleraffrescamento comportano &#8220;temporaneamente costi operativi pi\u00f9 elevati, ma gli investimenti si ripagano a medio termine con flussi di cassa stabili&#8221;, scrive WWZ.<\/p>\r\n<p class=\"bodytext\">\u00a0<\/p>\r\n","protected":false},"excerpt":{"rendered":"<p>Il Gruppo WWZ osserva un aumento della domanda di teleriscaldamento e raffreddamento. L&#8217;area di business corrispondente ha aumentato le vendite del 15% rispetto all&#8217;anno precedente nella prima met\u00e0 del 2023, informa il fornitore di energia, telecomunicazioni e acqua con sede a Zugo in un comunicato. Nel semestre in esame, il gruppo ha potuto collegare altri [&#8230;]<\/p>\n<p><a class=\"btn btn-secondary understrap-read-more-link\" href=\"https:\/\/infrawatt.ch\/it\/wwz-espande-il-business-del-teleriscaldamento\/\">Leggi di pi\u00f9&#8230;<span class=\"screen-reader-text\"> from WWZ espande il business del teleriscaldamento<\/span><\/a><\/p>\n","protected":false},"author":9,"featured_media":3926,"comment_status":"open","ping_status":"open","sticky":false,"template":"","format":"standard","meta":{"_acf_changed":false,"footnotes":""},"categories":[100,74,98,77],"tags":[],"class_list":["post-3936","post","type-post","status-publish","format-standard","has-post-thumbnail","hentry","category-abwaerme-it","category-calore-residuo-it","category-mailchimp-it","category-news-it"],"acf":[],"_links":{"self":[{"href":"https:\/\/infrawatt.ch\/it\/wp-json\/wp\/v2\/posts\/3936","targetHints":{"allow":["GET"]}}],"collection":[{"href":"https:\/\/infrawatt.ch\/it\/wp-json\/wp\/v2\/posts"}],"about":[{"href":"https:\/\/infrawatt.ch\/it\/wp-json\/wp\/v2\/types\/post"}],"author":[{"embeddable":true,"href":"https:\/\/infrawatt.ch\/it\/wp-json\/wp\/v2\/users\/9"}],"replies":[{"embeddable":true,"href":"https:\/\/infrawatt.ch\/it\/wp-json\/wp\/v2\/comments?post=3936"}],"version-history":[{"count":2,"href":"https:\/\/infrawatt.ch\/it\/wp-json\/wp\/v2\/posts\/3936\/revisions"}],"predecessor-version":[{"id":3938,"href":"https:\/\/infrawatt.ch\/it\/wp-json\/wp\/v2\/posts\/3936\/revisions\/3938"}],"wp:featuredmedia":[{"embeddable":true,"href":"https:\/\/infrawatt.ch\/it\/wp-json\/wp\/v2\/media\/3926"}],"wp:attachment":[{"href":"https:\/\/infrawatt.ch\/it\/wp-json\/wp\/v2\/media?parent=3936"}],"wp:term":[{"taxonomy":"category","embeddable":true,"href":"https:\/\/infrawatt.ch\/it\/wp-json\/wp\/v2\/categories?post=3936"},{"taxonomy":"post_tag","embeddable":true,"href":"https:\/\/infrawatt.ch\/it\/wp-json\/wp\/v2\/tags?post=3936"}],"curies":[{"name":"wp","href":"https:\/\/api.w.org\/{rel}","templated":true}]}}