{"id":7657,"date":"2025-05-07T05:44:29","date_gmt":"2025-05-07T05:44:29","guid":{"rendered":"https:\/\/infrawatt.ch\/?p=7657"},"modified":"2025-05-07T05:44:29","modified_gmt":"2025-05-07T05:44:29","slug":"nuovo-foglio-informativo-dellufam","status":"publish","type":"post","link":"https:\/\/infrawatt.ch\/it\/nuovo-foglio-informativo-dellufam\/","title":{"rendered":"Nuovo foglio informativo dell&#8217;UFAM !"},"content":{"rendered":"<p><i>L&#8217;UFAM ha pubblicato oggi un foglio informativo sul tema \u00ab Estrazione e stoccaggio di CO2: situazione attuale del quadro giuridico \u00bb.<\/i><\/p>\n<p><i>Il foglio informativo fa il punto sulle disposizioni giuridiche che attualmente regolano l&#8217;estrazione e lo stoccaggio di CO2.<\/i> \u00c8 pensata soprattutto per chi progetta, per chi compra emissioni negative sotto forma di certificati CO2, per le autorit\u00e0 cantonali e comunali che danno le autorizzazioni e per chiunque sia interessato. \u00c8 disponibile in tedesco, francese, italiano e inglese.<\/p>\n<p><a href=\"https:\/\/www.bafu.admin.ch\/bafu\/it\/home\/temi\/clima\/info-specialisti\/rimozione-e-sequestro-di-co2.html\">Estrazione e stoccaggio di CO2<\/a> &gt; Informazioni aggiuntive &gt; Documenti<br \/>\n&gt; <a href=\"https:\/\/www.bafu.admin.ch\/dam\/bafu\/it\/dokumente\/klima\/fachinfo-daten\/faktenblatt-negative-emissionen-die-wichtigsten-ansaetze.pdf.download.pdf\/02_i_Faktenblatt_Negativemissionen.pdf\">Scheda informativa: Estrazione e stoccaggio di CO2 &#8211; situazione attuale del quadro giuridico<\/a><\/p>\n","protected":false},"excerpt":{"rendered":"<p>L&#8217;UFAM ha pubblicato oggi un foglio informativo sul tema \u00ab Estrazione e stoccaggio di CO2: situazione attuale del quadro giuridico \u00bb. Il foglio informativo fa il punto sulle disposizioni giuridiche che attualmente regolano l&#8217;estrazione e lo stoccaggio di CO2. \u00c8 pensata soprattutto per chi progetta, per chi compra emissioni negative sotto forma di certificati CO2, [&#8230;]<\/p>\n<p><a class=\"btn btn-secondary understrap-read-more-link\" href=\"https:\/\/infrawatt.ch\/it\/nuovo-foglio-informativo-dellufam\/\">Leggi di pi\u00f9&#8230;<span class=\"screen-reader-text\"> from Nuovo foglio informativo dell&#8217;UFAM !<\/span><\/a><\/p>\n","protected":false},"author":9,"featured_media":7653,"comment_status":"open","ping_status":"open","sticky":false,"template":"","format":"standard","meta":{"_acf_changed":false,"footnotes":""},"categories":[77],"tags":[],"class_list":["post-7657","post","type-post","status-publish","format-standard","has-post-thumbnail","hentry","category-news-it"],"acf":[],"_links":{"self":[{"href":"https:\/\/infrawatt.ch\/it\/wp-json\/wp\/v2\/posts\/7657","targetHints":{"allow":["GET"]}}],"collection":[{"href":"https:\/\/infrawatt.ch\/it\/wp-json\/wp\/v2\/posts"}],"about":[{"href":"https:\/\/infrawatt.ch\/it\/wp-json\/wp\/v2\/types\/post"}],"author":[{"embeddable":true,"href":"https:\/\/infrawatt.ch\/it\/wp-json\/wp\/v2\/users\/9"}],"replies":[{"embeddable":true,"href":"https:\/\/infrawatt.ch\/it\/wp-json\/wp\/v2\/comments?post=7657"}],"version-history":[{"count":1,"href":"https:\/\/infrawatt.ch\/it\/wp-json\/wp\/v2\/posts\/7657\/revisions"}],"predecessor-version":[{"id":7658,"href":"https:\/\/infrawatt.ch\/it\/wp-json\/wp\/v2\/posts\/7657\/revisions\/7658"}],"wp:featuredmedia":[{"embeddable":true,"href":"https:\/\/infrawatt.ch\/it\/wp-json\/wp\/v2\/media\/7653"}],"wp:attachment":[{"href":"https:\/\/infrawatt.ch\/it\/wp-json\/wp\/v2\/media?parent=7657"}],"wp:term":[{"taxonomy":"category","embeddable":true,"href":"https:\/\/infrawatt.ch\/it\/wp-json\/wp\/v2\/categories?post=7657"},{"taxonomy":"post_tag","embeddable":true,"href":"https:\/\/infrawatt.ch\/it\/wp-json\/wp\/v2\/tags?post=7657"}],"curies":[{"name":"wp","href":"https:\/\/api.w.org\/{rel}","templated":true}]}}