{"id":7877,"date":"2025-08-22T13:30:56","date_gmt":"2025-08-22T13:30:56","guid":{"rendered":"https:\/\/infrawatt.ch\/?p=7877"},"modified":"2025-10-01T06:24:45","modified_gmt":"2025-10-01T06:24:45","slug":"visita-della-uvtd-renergia","status":"publish","type":"post","link":"https:\/\/infrawatt.ch\/it\/visita-della-uvtd-renergia\/","title":{"rendered":"Visita dell&#8217;UVTD Renergia il 12 novembre 2025"},"content":{"rendered":"<p>In occasione del suo 15\u00b0 anniversario, InfraWatt organizza una visita alla Renergia di Perlen.<\/p>\n<p>A causa degli attuali sviluppi nel mercato dell\u2019energia elettrica e del massiccio potenziamento del teleriscaldamento, \u00e8 sempre pi\u00f9 importante che le nostre infrastrutture diventino pi\u00f9 flessibili. Vi invitiamo cordialmente a scoprire le soluzioni innovative di Renergia a Perlen che promuovono questa flessibilit\u00e0. Durante le conferenze specialistiche e una visita guidata potrete conoscere, tra l\u2019altro, l\u2019impianto di accumulo a pressione con un volume di 5.000 m\u00b3 e il suo sistema di controllo intelligente. Questo evento offre ai membri di InfraWatt un\u2019ottima opportunit\u00e0 per scambiare buone pratiche e promuovere insieme la transizione energetica.<\/p>\n<p>La visita si concluder\u00e0 con un aperitivo.<\/p>\n<p><a href=\"https:\/\/infrawatt.ch\/it\/eventspost\/15-anni-infrawatt-visita-della-uvtd-renergia\/\" target=\"_blank\" rel=\"noopener\">Link verso l&#8217;iscrizione<\/a><\/p>\n<p><img loading=\"lazy\" decoding=\"async\" class=\"alignnone size-medium wp-image-6776\" src=\"https:\/\/infrawatt.ch\/wp-content\/uploads\/2024\/12\/Logo-15-ans-infrawatt-e1733845724180-300x70.png\" alt=\"\" width=\"300\" height=\"70\" srcset=\"https:\/\/infrawatt.ch\/wp-content\/uploads\/2024\/12\/Logo-15-ans-infrawatt-e1733845724180-300x70.png 300w, https:\/\/infrawatt.ch\/wp-content\/uploads\/2024\/12\/Logo-15-ans-infrawatt-e1733845724180-1024x239.png 1024w, https:\/\/infrawatt.ch\/wp-content\/uploads\/2024\/12\/Logo-15-ans-infrawatt-e1733845724180-768x180.png 768w, https:\/\/infrawatt.ch\/wp-content\/uploads\/2024\/12\/Logo-15-ans-infrawatt-e1733845724180-1536x359.png 1536w, https:\/\/infrawatt.ch\/wp-content\/uploads\/2024\/12\/Logo-15-ans-infrawatt-e1733845724180.png 1805w\" sizes=\"auto, (max-width: 300px) 100vw, 300px\" \/><\/p>\n","protected":false},"excerpt":{"rendered":"<p>In occasione del suo 15\u00b0 anniversario, InfraWatt organizza una visita alla Renergia di Perlen. A causa degli attuali sviluppi nel mercato dell\u2019energia elettrica e del massiccio potenziamento del teleriscaldamento, \u00e8 sempre pi\u00f9 importante che le nostre infrastrutture diventino pi\u00f9 flessibili. Vi invitiamo cordialmente a scoprire le soluzioni innovative di Renergia a Perlen che promuovono questa [&#8230;]<\/p>\n<p><a class=\"btn btn-secondary understrap-read-more-link\" href=\"https:\/\/infrawatt.ch\/it\/visita-della-uvtd-renergia\/\">Leggi di pi\u00f9&#8230;<span class=\"screen-reader-text\"> from Visita dell&#8217;UVTD Renergia il 12 novembre 2025<\/span><\/a><\/p>\n","protected":false},"author":9,"featured_media":7871,"comment_status":"open","ping_status":"open","sticky":false,"template":"","format":"standard","meta":{"_acf_changed":false,"footnotes":""},"categories":[99,120,98,73,102],"tags":[],"class_list":["post-7877","post","type-post","status-publish","format-standard","has-post-thumbnail","hentry","category-abfall-it","category-articolo","category-mailchimp-it","category-rifiuti-it","category-specifico-infrawatt-it"],"acf":[],"_links":{"self":[{"href":"https:\/\/infrawatt.ch\/it\/wp-json\/wp\/v2\/posts\/7877","targetHints":{"allow":["GET"]}}],"collection":[{"href":"https:\/\/infrawatt.ch\/it\/wp-json\/wp\/v2\/posts"}],"about":[{"href":"https:\/\/infrawatt.ch\/it\/wp-json\/wp\/v2\/types\/post"}],"author":[{"embeddable":true,"href":"https:\/\/infrawatt.ch\/it\/wp-json\/wp\/v2\/users\/9"}],"replies":[{"embeddable":true,"href":"https:\/\/infrawatt.ch\/it\/wp-json\/wp\/v2\/comments?post=7877"}],"version-history":[{"count":2,"href":"https:\/\/infrawatt.ch\/it\/wp-json\/wp\/v2\/posts\/7877\/revisions"}],"predecessor-version":[{"id":7943,"href":"https:\/\/infrawatt.ch\/it\/wp-json\/wp\/v2\/posts\/7877\/revisions\/7943"}],"wp:featuredmedia":[{"embeddable":true,"href":"https:\/\/infrawatt.ch\/it\/wp-json\/wp\/v2\/media\/7871"}],"wp:attachment":[{"href":"https:\/\/infrawatt.ch\/it\/wp-json\/wp\/v2\/media?parent=7877"}],"wp:term":[{"taxonomy":"category","embeddable":true,"href":"https:\/\/infrawatt.ch\/it\/wp-json\/wp\/v2\/categories?post=7877"},{"taxonomy":"post_tag","embeddable":true,"href":"https:\/\/infrawatt.ch\/it\/wp-json\/wp\/v2\/tags?post=7877"}],"curies":[{"name":"wp","href":"https:\/\/api.w.org\/{rel}","templated":true}]}}