{"id":8453,"date":"2026-08-27T10:57:09","date_gmt":"2026-08-27T10:57:09","guid":{"rendered":"https:\/\/infrawatt.ch\/?p=8453"},"modified":"2026-08-27T10:57:09","modified_gmt":"2026-08-27T10:57:09","slug":"una-nuova-tappa-per-kenova-a-zuchwil","status":"publish","type":"post","link":"https:\/\/infrawatt.ch\/it\/una-nuova-tappa-per-kenova-a-zuchwil\/","title":{"rendered":"Una nuova tappa per Kenova a Zuchwil"},"content":{"rendered":"<p class=\"PDq2pG_selectionAnchorContainer\" data-start=\"0\" data-end=\"214\">In occasione dell\u2019inaugurazione del nuovo impianto di Kenova, il nostro presidente Stefan M\u00fcller-Altermatt \u00e8 intervenuto al fianco del consigliere federale Albert R\u00f6sti e della consigliera di Stato Sandra Kolly.<\/p>\n<p data-start=\"216\" data-end=\"436\">Nel suo discorso ha sottolineato il cambio di prospettiva promosso da InfraWatt: non considerare i nuovi compiti delle infrastrutture come vincoli, bens\u00ec come una vera e propria responsabilit\u00e0 e un\u2019opportunit\u00e0 per agire.<\/p>\n<p data-start=\"438\" data-end=\"545\">Per saperne di pi\u00f9 sul nostro approccio alla decarbonizzazione:<br data-start=\"501\" data-end=\"504\" \/><a class=\"decorated-link\" href=\"https:\/\/infrawatt.ch\/it\/dekarbonisierung\/\" target=\"_new\" rel=\"noopener\" data-start=\"504\" data-end=\"545\">https:\/\/infrawatt.ch\/it\/dekarbonisierung\/<\/a><\/p>\n<p data-start=\"547\" data-end=\"892\">Cattura e stoccaggio della CO\u2082 (CCS), recupero dello zinco, riciclo del fosforo, valorizzazione delle risorse: queste soluzioni richiedono investimenti, coordinamento e una visione a lungo termine. Allo stesso tempo, permettono di ridurre la nostra dipendenza dalle materie prime, preservare le risorse e rafforzare la resilienza della Svizzera.<\/p>\n<p data-start=\"894\" data-end=\"995\">Kenova \u00e8 uno di quegli attori che scelgono di andare avanti e di investire nelle soluzioni di domani.<\/p>\n<p data-start=\"997\" data-end=\"1089\" data-is-last-node=\"\" data-is-only-node=\"\">Le nostre pi\u00f9 sincere congratulazioni per questo nuovo impianto e grazie per questo impegno.<\/p>\n","protected":false},"excerpt":{"rendered":"<p>In occasione dell\u2019inaugurazione del nuovo impianto di Kenova, il nostro presidente Stefan M\u00fcller-Altermatt \u00e8 intervenuto al fianco del consigliere federale Albert R\u00f6sti e della consigliera di Stato Sandra Kolly. Nel suo discorso ha sottolineato il cambio di prospettiva promosso da InfraWatt: non considerare i nuovi compiti delle infrastrutture come vincoli, bens\u00ec come una vera e [&#8230;]<\/p>\n<p><a class=\"btn btn-secondary understrap-read-more-link\" href=\"https:\/\/infrawatt.ch\/it\/una-nuova-tappa-per-kenova-a-zuchwil\/\">Leggi di pi\u00f9&#8230;<span class=\"screen-reader-text\"> from Una nuova tappa per Kenova a Zuchwil<\/span><\/a><\/p>\n","protected":false},"author":11,"featured_media":8449,"comment_status":"open","ping_status":"open","sticky":false,"template":"","format":"standard","meta":{"_acf_changed":false,"footnotes":""},"categories":[120,98,77,102],"tags":[],"class_list":["post-8453","post","type-post","status-publish","format-standard","has-post-thumbnail","hentry","category-articolo","category-mailchimp-it","category-news-it","category-specifico-infrawatt-it"],"acf":[],"_links":{"self":[{"href":"https:\/\/infrawatt.ch\/it\/wp-json\/wp\/v2\/posts\/8453","targetHints":{"allow":["GET"]}}],"collection":[{"href":"https:\/\/infrawatt.ch\/it\/wp-json\/wp\/v2\/posts"}],"about":[{"href":"https:\/\/infrawatt.ch\/it\/wp-json\/wp\/v2\/types\/post"}],"author":[{"embeddable":true,"href":"https:\/\/infrawatt.ch\/it\/wp-json\/wp\/v2\/users\/11"}],"replies":[{"embeddable":true,"href":"https:\/\/infrawatt.ch\/it\/wp-json\/wp\/v2\/comments?post=8453"}],"version-history":[{"count":1,"href":"https:\/\/infrawatt.ch\/it\/wp-json\/wp\/v2\/posts\/8453\/revisions"}],"predecessor-version":[{"id":8454,"href":"https:\/\/infrawatt.ch\/it\/wp-json\/wp\/v2\/posts\/8453\/revisions\/8454"}],"wp:featuredmedia":[{"embeddable":true,"href":"https:\/\/infrawatt.ch\/it\/wp-json\/wp\/v2\/media\/8449"}],"wp:attachment":[{"href":"https:\/\/infrawatt.ch\/it\/wp-json\/wp\/v2\/media?parent=8453"}],"wp:term":[{"taxonomy":"category","embeddable":true,"href":"https:\/\/infrawatt.ch\/it\/wp-json\/wp\/v2\/categories?post=8453"},{"taxonomy":"post_tag","embeddable":true,"href":"https:\/\/infrawatt.ch\/it\/wp-json\/wp\/v2\/tags?post=8453"}],"curies":[{"name":"wp","href":"https:\/\/api.w.org\/{rel}","templated":true}]}}